{"id":28894,"date":"2011-08-12T00:00:00","date_gmt":"2011-08-12T03:00:00","guid":{"rendered":"https:\/\/www.zecadirceu.com.br\/zeca-dirceu-elogia-medidas-anticrise-e-critica-cobertura-da-midia\/"},"modified":"2011-08-12T00:00:00","modified_gmt":"2011-08-12T03:00:00","slug":"zeca-dirceu-elogia-medidas-anticrise-e-critica-cobertura-da-midia","status":"publish","type":"post","link":"https:\/\/teste.bsb.br\/zeca\/zeca-dirceu-elogia-medidas-anticrise-e-critica-cobertura-da-midia\/","title":{"rendered":"Zeca Dirceu elogia medidas anticrise e critica cobertura da m\u00eddia"},"content":{"rendered":"<p>O deputado Zeca Dirceu (PT-PR) elogiou esta semana em plen&aacute;rio as medidas que o governo da presidenta Dilma Rousseff est&aacute; adotando diante da crise econ&ocirc;mica mundial. Como exemplo de mecanismos para o enfrentamento do problema, o petista citou &quot;a robustez do mercado interno e o sistema de c&acirc;mbio flutuante capaz de absorver choques externos&quot;.<\/p>\n<p>&quot;Segundo o pr&oacute;prio presidente do nosso Banco Central, as medidas adotadas para a redu&ccedil;&atilde;o da queda do d&oacute;lar e as reservas brasileiras em moeda estrangeira d&atilde;o ao Pa&iacute;s capacidade de prover liquidez em momento de maior estresse da economia global&quot;, completou.<\/p>\n<p>O parlamentar, em seu discurso, tamb&eacute;m fez cr&iacute;ticas ao tipo de cobertura que a m&iacute;dia brasileira est&aacute; fazendo acerca da atual crise americana e europeia. Segundo Dirceu, parte da imprensa tenta criar um clima de temor e p&acirc;nico no Brasil, querendo passar a ideia de que o Pa&iacute;s passa por turbul&ecirc;ncia e grande instabilidade econ&ocirc;mica. &quot;A crise &eacute; intensa, mas o Brasil j&aacute; vem tomando medidas preventivas h&aacute; muito tempo e est&aacute; bem preparado&quot;, declarou.<\/p>\n<p>O deputado tamb&eacute;m citou a import&acirc;ncia do Plano Brasil Maior, lan&ccedil;ado semana passada pelo governo federal para incentivar a ind&uacute;stria e, ao mesmo tempo, servir de estrat&eacute;gia para superar os efeitos da crise internacional aqui no Brasil. &quot;Como membro da Frente Parlamentar da Ind&uacute;stria T&ecirc;xtil, com vasta experi&ecirc;ncia como empres&aacute;rio , tenho consci&ecirc;ncia da necessidade de impulsionar o crescimento e o fortalecimento da ind&uacute;stria nacional&quot;, afirmou.<\/p>\n","protected":false},"excerpt":{"rendered":"<p>O deputado Zeca Dirceu (PT-PR) elogiou esta semana em plen\u00e1rio as medidas que o governo da presidenta Dilma Rousseff est\u00e1 adotando diante da crise econ\u00f4mica mundial. Como exemplo de mecanismos para o enfrentamento do problema, o petista citou &#8220;a robustez do mercado interno e o sistema de c\u00e2mbio flutuante capaz de absorver choques externos&#8221;.<\/p>\n","protected":false},"author":1,"featured_media":28893,"comment_status":"open","ping_status":"open","sticky":false,"template":"","format":"standard","meta":{"footnotes":""},"categories":[1],"tags":[6849,6848,360],"class_list":["post-28894","post","type-post","status-publish","format-standard","has-post-thumbnail","hentry","category-noticias-zeca-dirceu","tag-cobertura-midia","tag-medidas-anticrise","tag-zeca"],"_links":{"self":[{"href":"https:\/\/teste.bsb.br\/zeca\/wp-json\/wp\/v2\/posts\/28894","targetHints":{"allow":["GET"]}}],"collection":[{"href":"https:\/\/teste.bsb.br\/zeca\/wp-json\/wp\/v2\/posts"}],"about":[{"href":"https:\/\/teste.bsb.br\/zeca\/wp-json\/wp\/v2\/types\/post"}],"author":[{"embeddable":true,"href":"https:\/\/teste.bsb.br\/zeca\/wp-json\/wp\/v2\/users\/1"}],"replies":[{"embeddable":true,"href":"https:\/\/teste.bsb.br\/zeca\/wp-json\/wp\/v2\/comments?post=28894"}],"version-history":[{"count":0,"href":"https:\/\/teste.bsb.br\/zeca\/wp-json\/wp\/v2\/posts\/28894\/revisions"}],"wp:featuredmedia":[{"embeddable":true,"href":"https:\/\/teste.bsb.br\/zeca\/wp-json\/wp\/v2\/media\/28893"}],"wp:attachment":[{"href":"https:\/\/teste.bsb.br\/zeca\/wp-json\/wp\/v2\/media?parent=28894"}],"wp:term":[{"taxonomy":"category","embeddable":true,"href":"https:\/\/teste.bsb.br\/zeca\/wp-json\/wp\/v2\/categories?post=28894"},{"taxonomy":"post_tag","embeddable":true,"href":"https:\/\/teste.bsb.br\/zeca\/wp-json\/wp\/v2\/tags?post=28894"}],"curies":[{"name":"wp","href":"https:\/\/api.w.org\/{rel}","templated":true}]}}