{"id":28890,"date":"2011-08-12T00:00:00","date_gmt":"2011-08-12T03:00:00","guid":{"rendered":"https:\/\/www.zecadirceu.com.br\/educacao-alavanca-para-a-geracao-de-empregos-no-brasil-por-zeca-dirceu\/"},"modified":"2011-08-12T00:00:00","modified_gmt":"2011-08-12T03:00:00","slug":"educacao-alavanca-para-a-geracao-de-empregos-no-brasil-por-zeca-dirceu","status":"publish","type":"post","link":"https:\/\/teste.bsb.br\/zeca\/educacao-alavanca-para-a-geracao-de-empregos-no-brasil-por-zeca-dirceu\/","title":{"rendered":"Educa\u00e7\u00e3o: alavanca para a gera\u00e7\u00e3o de empregos no Brasil, por Zeca Dirceu"},"content":{"rendered":"<p>&nbsp;&nbsp;&nbsp;&nbsp;&nbsp;&nbsp;&nbsp;&nbsp;&nbsp;&nbsp;&nbsp; Ao passo que hoje se registra no Brasil grande escassez de m&atilde;o-de-obra, o mercado de trabalho vem oferecendo uma volumosa oferta de empregos que acabam n&atilde;o sendo preenchidos por falta de profissionais qualificados. &Eacute; de se observar o esfor&ccedil;o que o governo vem fazendo para implementar pol&iacute;ticas p&uacute;blicas de capacita&ccedil;&atilde;o t&eacute;cnica e profissional visando suprir esta car&ecirc;ncia e fomentar o emprego no pa&iacute;s.<\/p>\n<p>&nbsp;&nbsp;&nbsp;&nbsp;&nbsp;&nbsp;&nbsp;&nbsp;&nbsp;&nbsp;&nbsp;&nbsp; Tramita na C&acirc;mara em regime de urg&ecirc;ncia constitucional o Projeto de Lei n&ordm; 1209\/2011 que institui o Programa Nacional de Acesso ao Ensino T&eacute;cnico (Pronatec). Trata-se de um programa grande, ousado e ambicioso que visa capacitar oito milh&otilde;es de jovens trabalhadores at&eacute; 2014.<\/p>\n<p>&nbsp;&nbsp;&nbsp;&nbsp;&nbsp;&nbsp;&nbsp;&nbsp;&nbsp;&nbsp;&nbsp; O programa ir&aacute; interiorizar e democratizar a oferta de cursos t&eacute;cnicos e profissionalizantes de n&iacute;vel m&eacute;dio. O projeto prev&ecirc; oferta de bolsas para estudantes, garantia de financiamento na rede privada de ensino e expans&atilde;o das vagas em escolas p&uacute;blicas. As bolsas ser&atilde;o destinadas aos estudantes matriculados em cursos de forma&ccedil;&atilde;o profissional t&eacute;cnica de n&iacute;vel m&eacute;dio. Tamb&eacute;m poder&atilde;o receb&ecirc;-las os trabalhadores e os benefici&aacute;rios de programas de transfer&ecirc;ncia de renda, como o Bolsa-Fam&iacute;lia, que frequentam cursos de qualifica&ccedil;&atilde;o profissional. Outro aspecto inovador do Pronatec &eacute; a expans&atilde;o para os alunos do ensino tecnol&oacute;gico do Fundo de Financiamento Estudantil (Fies) que originalmente atenderia somente alunos de gradua&ccedil;&atilde;o no ensino superior.<\/p>\n<p>&nbsp;&nbsp;&nbsp;&nbsp;&nbsp;&nbsp;&nbsp;&nbsp;&nbsp;&nbsp;&nbsp; Faz-se necess&aacute;rio um esfor&ccedil;o conjunto por parte de n&oacute;s parlamentares para que o projeto de lei seja apreciado e votado no Congresso e possamos virar mais uma p&aacute;gina no quadro da empregabilidade no Brasil.<\/p>\n<p>&nbsp;&nbsp;&nbsp;&nbsp;&nbsp;&nbsp;&nbsp;&nbsp;&nbsp;&nbsp;&nbsp; De 1909 a 2002, foram constru&iacute;das 140 escolas t&eacute;cnicas no Brasil. De 2002 a 2010, foram entregues &agrave; popula&ccedil;&atilde;o mais 214 escolas t&eacute;cnicas. Foi a maior expans&atilde;o da rede federal da hist&oacute;ria. Al&eacute;m disso, outras escolas foram federalizadas nesse per&iacute;odo. <\/p>\n<p>&nbsp;&nbsp;&nbsp;&nbsp;&nbsp;&nbsp;&nbsp;&nbsp;&nbsp;&nbsp;&nbsp; O Minist&eacute;rio da Educa&ccedil;&atilde;o est&aacute; investindo R$ 1,1 bilh&atilde;o na expans&atilde;o da educa&ccedil;&atilde;o profissional. Atualmente, h&aacute; 354 unidades e quase 400 mil vagas em todo o pa&iacute;s. At&eacute; o primeiro semestre de 2012 ser&atilde;o entregues mais 81 novas unidades. Al&eacute;m destas, no m&ecirc;s de agosto, o governo vai anunciar a expans&atilde;o da Rede Federal de Educa&ccedil;&atilde;o Superior, Profissional e Tecnol&oacute;gica. Ser&atilde;o anunciadas 120 novas institui&ccedil;&otilde;es, sendo que sete ficar&atilde;o no Paran&aacute;.&nbsp; Hoje, o estado j&aacute; conta com 15 campus do Instituto Federal de Educa&ccedil;&atilde;o Tecnol&oacute;gica do Paran&aacute; (IFPR).<\/p>\n<p>&nbsp;&nbsp;&nbsp;&nbsp;&nbsp;&nbsp;&nbsp;&nbsp;&nbsp;&nbsp;&nbsp; Paralelo a este cen&aacute;rio, vale ressaltar a evas&atilde;o populacional que ainda acontece em larga escala das cidades do interior para os grandes centros urbanos com vistas &agrave; melhoria de vida e melhores empregos. Por isso, essa expans&atilde;o n&atilde;o podia vir num momento mais oportuno, em especial, para os setores produtivos dos munic&iacute;pios do interior.<\/p>\n","protected":false},"excerpt":{"rendered":"<p>Ao passo que hoje se registra no Brasil grande escassez de m\u00e3o-de-obra, o mercado de trabalho vem oferecendo uma volumosa oferta de empregos que acabam n\u00e3o sendo preenchidos por falta de profissionais qualificados. \u00c9 de se observar o esfor\u00e7o que o governo vem fazendo para implementar pol\u00edticas p\u00fablicas de capacita\u00e7\u00e3o t\u00e9cnica e profissional visando suprir esta car\u00eancia e fomentar o emprego no pa\u00eds.<\/p>\n","protected":false},"author":1,"featured_media":28889,"comment_status":"open","ping_status":"open","sticky":false,"template":"","format":"standard","meta":{"footnotes":""},"categories":[1],"tags":[981,4,705],"class_list":["post-28890","post","type-post","status-publish","format-standard","has-post-thumbnail","hentry","category-noticias-zeca-dirceu","tag-artigo","tag-educacao","tag-emprego"],"_links":{"self":[{"href":"https:\/\/teste.bsb.br\/zeca\/wp-json\/wp\/v2\/posts\/28890","targetHints":{"allow":["GET"]}}],"collection":[{"href":"https:\/\/teste.bsb.br\/zeca\/wp-json\/wp\/v2\/posts"}],"about":[{"href":"https:\/\/teste.bsb.br\/zeca\/wp-json\/wp\/v2\/types\/post"}],"author":[{"embeddable":true,"href":"https:\/\/teste.bsb.br\/zeca\/wp-json\/wp\/v2\/users\/1"}],"replies":[{"embeddable":true,"href":"https:\/\/teste.bsb.br\/zeca\/wp-json\/wp\/v2\/comments?post=28890"}],"version-history":[{"count":0,"href":"https:\/\/teste.bsb.br\/zeca\/wp-json\/wp\/v2\/posts\/28890\/revisions"}],"wp:featuredmedia":[{"embeddable":true,"href":"https:\/\/teste.bsb.br\/zeca\/wp-json\/wp\/v2\/media\/28889"}],"wp:attachment":[{"href":"https:\/\/teste.bsb.br\/zeca\/wp-json\/wp\/v2\/media?parent=28890"}],"wp:term":[{"taxonomy":"category","embeddable":true,"href":"https:\/\/teste.bsb.br\/zeca\/wp-json\/wp\/v2\/categories?post=28890"},{"taxonomy":"post_tag","embeddable":true,"href":"https:\/\/teste.bsb.br\/zeca\/wp-json\/wp\/v2\/tags?post=28890"}],"curies":[{"name":"wp","href":"https:\/\/api.w.org\/{rel}","templated":true}]}}