{"id":28878,"date":"2011-08-12T00:00:00","date_gmt":"2011-08-12T03:00:00","guid":{"rendered":"https:\/\/www.zecadirceu.com.br\/iftes-tem-ate-dia-19-para-se-inserirem-em-programa-mulher-mil\/"},"modified":"2011-08-12T00:00:00","modified_gmt":"2011-08-12T03:00:00","slug":"iftes-tem-ate-dia-19-para-se-inserirem-em-programa-mulher-mil","status":"publish","type":"post","link":"https:\/\/teste.bsb.br\/zeca\/iftes-tem-ate-dia-19-para-se-inserirem-em-programa-mulher-mil\/","title":{"rendered":"IFTEs t\u00eam at\u00e9 dia 19 para se inserirem em programa Mulher Mil"},"content":{"rendered":"<p>Os institutos federais de educa&ccedil;&atilde;o, ci&ecirc;ncia e tecnologia t&ecirc;m prazo at&eacute; a pr&oacute;xima sexta-feira, 19, para aderir ao programa Mulheres Mil, lan&ccedil;ado na quinta-feira, 11. Ser&atilde;o habilitados 200 gestores e 100 n&uacute;cleos para iniciar as atividades neste semestre e oferecer cursos profissionalizantes.<\/p>\n<p>Cada institui&ccedil;&atilde;o indicar&aacute; os campi para a realiza&ccedil;&atilde;o dos cursos e dois gestores, que ser&atilde;o treinados no centro de refer&ecirc;ncia do programa, em Bras&iacute;lia. A divulga&ccedil;&atilde;o dos resultados ser&aacute; publicada no portal do Minist&eacute;rio da Educa&ccedil;&atilde;o, no dia 25. Os 13 institutos federais que integram a primeira fase do programa podem participar da chamada p&uacute;blica e habilitar novos campi.<\/p>\n<p>O centro de refer&ecirc;ncia vai integrar todos os n&uacute;cleos do Mulheres Mil. &ldquo;Al&eacute;m de fornecer treinamento para os gestores e dar monitoria aos n&uacute;cleos, o centro vai resultar em pesquisas de g&ecirc;nero e mundo do trabalho&rdquo;, diz a diretora de integra&ccedil;&atilde;o da Rede Federal de Educa&ccedil;&atilde;o Profissional, Cient&iacute;fica e Tecnol&oacute;gica da Secretaria de Educa&ccedil;&atilde;o Profissional e Tecnol&oacute;gica (Setec), Patr&iacute;cia Barcelos. <\/p>\n<p>A meta do programa &eacute; oferecer cursos de profissionaliza&ccedil;&atilde;o e complementa&ccedil;&atilde;o de estudos a 100 mil mulheres at&eacute; 2014. Cada instituto contar&aacute; com recursos de R$ 100 mil, a serem aplicados na infraestrura dos cursos. &ldquo;Os institutos federais t&ecirc;m a fun&ccedil;&atilde;o social de resgatar, trabalhar e formar pessoas para que tenham autonomia&rdquo;, ressalta Patr&iacute;cia. &ldquo;Esse &eacute; um papel nosso de institui&ccedil;&atilde;o p&uacute;blica, de dar oportunidade para quem h&aacute; dez, vinte ou trinta anos n&atilde;o teve oportunidade.&rdquo;<\/p>\n<p>Lan&ccedil;ado oficialmente na &uacute;ltima quinta-feira, o Mulheres Mil surgiu em 2007, em parceria da Setec com institui&ccedil;&otilde;es de ensino canadenses. Inicialmente, com projetos-piloto em 13 institutos federais das regi&otilde;es Norte e Nordeste. Participaram do lan&ccedil;amento do programa, em Bras&iacute;lia, os ministros da Educa&ccedil;&atilde;o, Fernando Haddad; do Desenvolvimento Social e Combate &agrave; Fome, Tereza Campelo; da Secretaria de Direitos Humanos, Maria do Ros&aacute;rio Nunes, e da Secretaria de Pol&iacute;ticas P&uacute;blicas para as Mulheres, Iriny Lopes.<\/p>\n","protected":false},"excerpt":{"rendered":"<p>Os institutos federais de educa\u00e7\u00e3o, ci\u00eancia e tecnologia t\u00eam prazo at\u00e9 a pr\u00f3xima sexta-feira, 19, para aderir ao programa Mulheres Mil, lan\u00e7ado na quinta-feira, 11. Ser\u00e3o habilitados 200 gestores e 100 n\u00facleos para iniciar as atividades neste semestre e oferecer cursos profissionalizantes.<\/p>\n","protected":false},"author":1,"featured_media":28877,"comment_status":"open","ping_status":"open","sticky":false,"template":"","format":"standard","meta":{"footnotes":""},"categories":[1],"tags":[6844],"class_list":["post-28878","post","type-post","status-publish","format-standard","has-post-thumbnail","hentry","category-noticias-zeca-dirceu","tag-iftes"],"_links":{"self":[{"href":"https:\/\/teste.bsb.br\/zeca\/wp-json\/wp\/v2\/posts\/28878","targetHints":{"allow":["GET"]}}],"collection":[{"href":"https:\/\/teste.bsb.br\/zeca\/wp-json\/wp\/v2\/posts"}],"about":[{"href":"https:\/\/teste.bsb.br\/zeca\/wp-json\/wp\/v2\/types\/post"}],"author":[{"embeddable":true,"href":"https:\/\/teste.bsb.br\/zeca\/wp-json\/wp\/v2\/users\/1"}],"replies":[{"embeddable":true,"href":"https:\/\/teste.bsb.br\/zeca\/wp-json\/wp\/v2\/comments?post=28878"}],"version-history":[{"count":0,"href":"https:\/\/teste.bsb.br\/zeca\/wp-json\/wp\/v2\/posts\/28878\/revisions"}],"wp:featuredmedia":[{"embeddable":true,"href":"https:\/\/teste.bsb.br\/zeca\/wp-json\/wp\/v2\/media\/28877"}],"wp:attachment":[{"href":"https:\/\/teste.bsb.br\/zeca\/wp-json\/wp\/v2\/media?parent=28878"}],"wp:term":[{"taxonomy":"category","embeddable":true,"href":"https:\/\/teste.bsb.br\/zeca\/wp-json\/wp\/v2\/categories?post=28878"},{"taxonomy":"post_tag","embeddable":true,"href":"https:\/\/teste.bsb.br\/zeca\/wp-json\/wp\/v2\/tags?post=28878"}],"curies":[{"name":"wp","href":"https:\/\/api.w.org\/{rel}","templated":true}]}}