{"id":28854,"date":"2011-08-16T00:00:00","date_gmt":"2011-08-16T03:00:00","guid":{"rendered":"https:\/\/www.zecadirceu.com.br\/acic-e-consultada-sobre-o-plano-brasil-maior-da-presidente-dilma\/"},"modified":"2011-08-16T00:00:00","modified_gmt":"2011-08-16T03:00:00","slug":"acic-e-consultada-sobre-o-plano-brasil-maior-da-presidente-dilma","status":"publish","type":"post","link":"https:\/\/teste.bsb.br\/zeca\/acic-e-consultada-sobre-o-plano-brasil-maior-da-presidente-dilma\/","title":{"rendered":"ACIC \u00e9 consultada sobre o Plano Brasil Maior da Presidente Dilma"},"content":{"rendered":"<div style=\"margin: 0cm 0cm 10pt\">Idealizado para o per&iacute;odo 2011-2014, o Plano tem o objetivo de aumentar a competitividade da ind&uacute;stria nacional, a partir do incentivo &agrave; inova&ccedil;&atilde;o tecnol&oacute;gica e &agrave; agrega&ccedil;&atilde;o de valor<\/div>\n<div style=\"margin: 0cm 0cm 10pt\">&nbsp;Recentemente o deputado federal Zeca Dirceu consultou o presidente da Associa&ccedil;&atilde;o Comercial e Industrial de Cianorte, Dr Rubens Pereira de Carvalho, sobre o Plano Brasil Maior e sua influ&ecirc;ncia no desenvolvimento econ&ocirc;mico da regi&atilde;o noroeste do Paran&aacute;.<\/div>\n<div style=\"margin: 0cm 0cm 10pt\">Na primeira avalia&ccedil;&atilde;o do plano realizada pelo presidente da ACIC, a pedido do Deputado Federal Zeca Dirceu, algumas fraquezas foram apontadas. &ldquo;O plano &eacute; t&iacute;mido, pois n&atilde;o atende os anseios dos empres&aacute;rios, principalmente das empresas de nossa regi&atilde;o, que em sua grande maioria s&atilde;o pequenas empresas, onde as al&iacute;quotas de tributa&ccedil;&atilde;o do simples est&atilde;o muito altas&rdquo;, alertou o presidente da ACIC, citando, em correspond&ecirc;ncia &agrave; Zeca Dirceu, que naquele momento, o Plano Brasil Maior n&atilde;o tratou da tributa&ccedil;&atilde;o das Micro e Pequenas empresas, que s&atilde;o as que mais empregam no pa&iacute;s. Ap&oacute;s recebimento o Deputado agradeceu a contribui&ccedil;&atilde;o e passou as informa&ccedil;&otilde;es ao conhecimento do governo.<\/div>\n<div style=\"margin: 0cm 0cm 10pt\">Ap&oacute;s primeira comunica&ccedil;&atilde;o entre a ACIC e o governo, atrav&eacute;s de Zeca Dirceu, o deputado informou que a presidenta Dilma Rousseff fechou acordo com a Frente Parlamentar Mista das Micro e Pequenas Empresas no Congresso Nacional que possibilita a amplia&ccedil;&atilde;o do Simples Nacional por meio do Projeto de Lei Complementar 591\/10. O texto atualiza a Lei Geral da Micro e Pequena Empresa (Lei Complementar 123\/06) que est&aacute; em tramita&ccedil;&atilde;o na C&acirc;mara dos Deputados. O projeto ajusta de R$ 36 mil para R$ 60 mil o teto da receita bruta anual do empreendedor individual. Para a microempresa, de R$ 240 mil para R$ 360 mil, e para a pequena empresa, de R$ 2,4 milh&otilde;es para R$ 3,6 milh&otilde;es, o que representa uma eleva&ccedil;&atilde;o de 50%. Outra medida &eacute; o parcelamento da d&iacute;vida tribut&aacute;ria para os empreendedores que est&atilde;o enquadrados no Simples Nacional, o que at&eacute; agora n&atilde;o era permitido. O prazo de pagamento ser&aacute; de at&eacute; 60 meses. <\/p>\n<p>O ministro da Fazenda, Guido Mantega, informou tamb&eacute;m que ser&aacute; suspensa a necessidade de declara&ccedil;&atilde;o anual do Simples Nacional. Para substitu&iacute;-la, as declara&ccedil;&otilde;es mensais ser&atilde;o consolidadas pela Receita Federal. Outro ponto negociado entre o governo e parlamentares &eacute; a permiss&atilde;o para que micro e pequenas empresas possam exportar sem sair do Programa do Simples Nacional o mesmo valor comercializado no mercado brasileiro. &ldquo;&Eacute; verdade que ainda n&atilde;o chegamos no ponto ideal, mas Zeca Dirceu demonstrou com esta atitude de nos consultar, uma flexibiliza&ccedil;&atilde;o e uma maior aproxima&ccedil;&atilde;o do Governo Dilma com os empres&aacute;rios. Tamb&eacute;m esta atitude demonstrou mais uma vez a sua preocupa&ccedil;&atilde;o de Parlamentar da nossa regi&atilde;o, que buscou de alguma maneira, contribuir para que houvesse mudan&ccedil;a favor&aacute;vel na Lei para ajudar as empresas brasileiras e os empres&aacute;rios&rdquo;, disse Rubens de Carvalho em resposta ao Deputado.<\/p><\/div>\n<div style=\"margin: 0cm 0cm 10pt\">Ap&oacute;s segunda an&aacute;lise o presidente da ACIC alertou que com a lei, a Empresa de Pequeno Porte ainda ficou com uma tributa&ccedil;&atilde;o maior do que as empresas inclu&iacute;das no plano Brasil Maior da Presidente Dilma. &ldquo;De acordo com a Lei complementar 123 anexo II, para empresas que estejam na faixa de tributa&ccedil;&atilde;o de R$ 1.920.000,00 a R$ 2.040.000,00 a tributa&ccedil;&atilde;o do INSS sobre o faturamento &eacute; de 4,49%. Para empresa que fatura at&eacute; R$ 120.000,00 anual o INSS &eacute; 1,8%. Este INSS que as Micros e Pequenas Empresas recolhem juntos com os demais tributos &eacute; superior a 1,5% estabelecido para as grandes empresas&rdquo;, explicou o presidente da ACIC, completando que apesar da eleva&ccedil;&atilde;o do limite de faturamento das micros e pequenas empresas a tributa&ccedil;&atilde;o com rela&ccedil;&atilde;o &agrave; folha de pagamento, est&aacute; bem acima do pacote divulgado para as grandes empresas que &eacute; de 1,5%. Segundo Rubens de Carvalho, a al&iacute;quota m&aacute;xima na tabela do Anexo II da Lei Complementar 123 &ndash; Partilha do Simples Nacional &ndash; Ind&uacute;stria, o INSS sobre a folha de pagamento come&ccedil;a com a al&iacute;quota de 1,8% e termina com 4,60%. &ldquo;Assim entendemos que se faz necess&aacute;rio que seja revisto as tabelas de tributa&ccedil;&atilde;o do Simples, pois da forma como est&aacute; ficando, muitas empresas ter&atilde;o que migrar para o regime normal, que &eacute; muito mais burocr&aacute;tico para o governo, para economizar nos encargos financeiros da folha de pagamento&rdquo;, analisa Rubens.<\/div>\n<div style=\"margin: 0cm 0cm 10pt\">Assessoria Associa&ccedil;&atilde;o Comercial de Cianorte<\/div>\n","protected":false},"excerpt":{"rendered":"<p>Ap\u00f3s primeira comunica\u00e7\u00e3o entre a ACIC e o governo, atrav\u00e9s de Zeca Dirceu, o deputado informou que a presidenta Dilma Rousseff fechou acordo com a Frente Parlamentar Mista das Micro e Pequenas Empresas no Congresso Nacional que possibilita a amplia\u00e7\u00e3o do Simples Nacional por meio do Projeto de Lei Complementar 591\/10. O texto atualiza a Lei Geral da Micro e Pequena Empresa (Lei Complementar 123\/06) que est\u00e1 em tramita\u00e7\u00e3o na C\u00e2mara dos Deputados. O projeto ajusta de R$ 36 mil para R$ 60 mil o teto da receita bruta anual do empreendedor individual. Para a microempresa, de R$ 240 mil para R$ 360 mil, e para a pequena empresa, de R$ 2,4 milh\u00f5es para R$ 3,6 milh\u00f5es, o que representa uma eleva\u00e7\u00e3o de 50%.<\/p>\n","protected":false},"author":1,"featured_media":28853,"comment_status":"open","ping_status":"open","sticky":false,"template":"","format":"standard","meta":{"footnotes":""},"categories":[1],"tags":[121],"class_list":["post-28854","post","type-post","status-publish","format-standard","has-post-thumbnail","hentry","category-noticias-zeca-dirceu","tag-cianorte"],"_links":{"self":[{"href":"https:\/\/teste.bsb.br\/zeca\/wp-json\/wp\/v2\/posts\/28854","targetHints":{"allow":["GET"]}}],"collection":[{"href":"https:\/\/teste.bsb.br\/zeca\/wp-json\/wp\/v2\/posts"}],"about":[{"href":"https:\/\/teste.bsb.br\/zeca\/wp-json\/wp\/v2\/types\/post"}],"author":[{"embeddable":true,"href":"https:\/\/teste.bsb.br\/zeca\/wp-json\/wp\/v2\/users\/1"}],"replies":[{"embeddable":true,"href":"https:\/\/teste.bsb.br\/zeca\/wp-json\/wp\/v2\/comments?post=28854"}],"version-history":[{"count":0,"href":"https:\/\/teste.bsb.br\/zeca\/wp-json\/wp\/v2\/posts\/28854\/revisions"}],"wp:featuredmedia":[{"embeddable":true,"href":"https:\/\/teste.bsb.br\/zeca\/wp-json\/wp\/v2\/media\/28853"}],"wp:attachment":[{"href":"https:\/\/teste.bsb.br\/zeca\/wp-json\/wp\/v2\/media?parent=28854"}],"wp:term":[{"taxonomy":"category","embeddable":true,"href":"https:\/\/teste.bsb.br\/zeca\/wp-json\/wp\/v2\/categories?post=28854"},{"taxonomy":"post_tag","embeddable":true,"href":"https:\/\/teste.bsb.br\/zeca\/wp-json\/wp\/v2\/tags?post=28854"}],"curies":[{"name":"wp","href":"https:\/\/api.w.org\/{rel}","templated":true}]}}