{"id":28852,"date":"2011-08-16T00:00:00","date_gmt":"2011-08-16T03:00:00","guid":{"rendered":"https:\/\/www.zecadirceu.com.br\/zeca-dirceu-recebe-caravana-de-prefeitos-do-noroeste-em-brasilia\/"},"modified":"2011-08-16T00:00:00","modified_gmt":"2011-08-16T03:00:00","slug":"zeca-dirceu-recebe-caravana-de-prefeitos-do-noroeste-em-brasilia","status":"publish","type":"post","link":"https:\/\/teste.bsb.br\/zeca\/zeca-dirceu-recebe-caravana-de-prefeitos-do-noroeste-em-brasilia\/","title":{"rendered":"Zeca Dirceu recebe caravana de  prefeitos do Noroeste em Bras\u00edlia"},"content":{"rendered":"<p class=\"MsoNormal\" style=\"text-align:justify;line-height:normal\"><span style=\"font-size:12.0pt;mso-fareast-font-family:&quot;Times New Roman&quot;;mso-bidi-font-family:\nCalibri;mso-bidi-theme-font:minor-latin;color:black;background:white;\nmso-fareast-language:PT-BR\">Os pr&oacute;ximos tr&ecirc;s dias ser&atilde;o de intensa movimenta&ccedil;&atilde;o no gabinete do deputado federal Zeca Dirceu, em Bras&iacute;lia. Atendendo a convite do parlamentar, 39 prefeitos e seis vice-prefeitos, acompanhados de membros das equipes t&eacute;cnicas das prefeituras, iniciam na tarde desta ter&ccedil;a-feira uma agenda de visitas a diversos minist&eacute;rios e &oacute;rg&atilde;os da administra&ccedil;&atilde;o federal.<o:p><\/o:p><\/span><\/p>\n<p class=\"MsoNormal\" style=\"text-align:justify;line-height:normal\"><span style=\"font-size:12.0pt;mso-fareast-font-family:&quot;Times New Roman&quot;;mso-bidi-font-family:\nCalibri;mso-bidi-theme-font:minor-latin;color:black;background:white;\nmso-fareast-language:PT-BR\">&ldquo;Com esta s&eacute;rie de visitas, vamos estreitar o relacionamento direto dos prefeitos e vices com os minist&eacute;rios e tamb&eacute;m ajudar as equipes t&eacute;cnicas das prefeituras a entender melhor a estrutura de funcionamento do Governo Federal, para facilitar o cadastramento de projetos e a obten&ccedil;&atilde;o de verbas nos diversos programas e projetos&rdquo;, explica o deputado.<o:p><\/o:p><\/span><\/p>\n<p class=\"MsoNormal\" style=\"text-align:justify;line-height:normal\"><span style=\"font-size:12.0pt;mso-fareast-font-family:&quot;Times New Roman&quot;;mso-bidi-font-family:\nCalibri;mso-bidi-theme-font:minor-latin;color:black;background:white;\nmso-fareast-language:PT-BR\">A programa&ccedil;&atilde;o ter&aacute; in&iacute;cio no Minist&eacute;rio das Comunica&ccedil;&otilde;es, onde a caravana de quase 90 pessoas ser&aacute; recebida pela secret&aacute;ria de Inclus&atilde;o Digital, Lygia Puppato, e por t&eacute;cnicos da pasta. Em seguida, o grupo passa pelo Minist&eacute;rio do Esporte e pelo Minist&eacute;rio das Cidades, onde ser&aacute; recepcionado pelo ministro M&aacute;rio Negromonte. O primeiro dia encerra com um coquetel de boas-vindas oferecido pelo deputado.<o:p><\/o:p><\/span><\/p>\n<p class=\"MsoNormal\" style=\"text-align:justify;line-height:normal\"><span style=\"font-size:12.0pt;mso-fareast-font-family:&quot;Times New Roman&quot;;mso-bidi-font-family:\nCalibri;mso-bidi-theme-font:minor-latin;color:black;background:white;\nmso-fareast-language:PT-BR\">Na quarta-feira a movimenta&ccedil;&atilde;o inicia pelo Minist&eacute;rio do Desenvolvimento Agr&aacute;rio, com a participa&ccedil;&atilde;o do ministro Afonso Florence e de t&eacute;cnicos. A pr&oacute;xima parada ser&aacute; na Funda&ccedil;&atilde;o Nacional de Sa&uacute;de, onde a caravana ser&aacute; recebida pelo presidente do &oacute;rg&atilde;o, Gilson de Queiroz. No per&iacute;odo da tarde, o grupo visita os minist&eacute;rios da Sa&uacute;de, Educa&ccedil;&atilde;o e Casa Civil, onde ser&aacute; recebido pela ministra Gleisi Hoffmann e pelo chefe de gabinete, Carlos Carbone.<o:p><\/o:p><\/span><\/p>\n<p class=\"MsoNormal\" style=\"text-align:justify\"><span style=\"font-size:12.0pt;\nline-height:115%;mso-fareast-font-family:&quot;Times New Roman&quot;;mso-bidi-font-family:\nCalibri;mso-bidi-theme-font:minor-latin;color:black;background:white;\nmso-fareast-language:PT-BR\">Na quinta-feira, a caravana de prefeitos, vices e t&eacute;cnicos encerra a programa&ccedil;&atilde;o na capital federal com uma visita ao Minist&eacute;rio do Planejamento. &ldquo;&Eacute; uma programa&ccedil;&atilde;o intensa, mas bastante produtiva, e tenho certeza de que os prefeitos e demais membros da comitiva ter&atilde;o &oacute;timas oportunidades para buscar informa&ccedil;&otilde;es importantes sobre recursos e programas dispon&iacute;veis no &acirc;mbito<\/span><span style=\"font-size:12.0pt;line-height:115%;mso-fareast-font-family:\n&quot;Times New Roman&quot;;mso-bidi-font-family:Calibri;mso-bidi-theme-font:minor-latin;\ncolor:black;mso-fareast-language:PT-BR\">&nbsp;<span style=\"background:white\">federal&rdquo;, conclui Zeca Dirceu.<o:p><\/o:p><\/span><\/span><\/p>\n<p class=\"MsoNormal\" style=\"text-align:justify;line-height:normal\"><span style=\"font-size:12.0pt;mso-fareast-font-family:&quot;Times New Roman&quot;;mso-bidi-font-family:\nCalibri;mso-bidi-theme-font:minor-latin;color:black;background:white;\nmso-fareast-language:PT-BR\"><o:p>&nbsp;<\/o:p><\/span><\/p>\n","protected":false},"excerpt":{"rendered":"<p>Os pr\u00f3ximos tr\u00eas dias ser\u00e3o de intensa movimenta\u00e7\u00e3o no gabinete do deputado federal Zeca Dirceu, em Bras\u00edlia. Atendendo a convite do parlamentar, 39 prefeitos e seis vice-prefeitos, acompanhados de membros das equipes t\u00e9cnicas das prefeituras, iniciam na tarde desta ter\u00e7a-feira uma agenda de visitas a diversos minist\u00e9rios e \u00f3rg\u00e3os da administra\u00e7\u00e3o federal.<\/p>\n","protected":false},"author":1,"featured_media":28851,"comment_status":"open","ping_status":"open","sticky":false,"template":"","format":"standard","meta":{"footnotes":""},"categories":[1],"tags":[69],"class_list":["post-28852","post","type-post","status-publish","format-standard","has-post-thumbnail","hentry","category-noticias-zeca-dirceu","tag-prefeitos"],"_links":{"self":[{"href":"https:\/\/teste.bsb.br\/zeca\/wp-json\/wp\/v2\/posts\/28852","targetHints":{"allow":["GET"]}}],"collection":[{"href":"https:\/\/teste.bsb.br\/zeca\/wp-json\/wp\/v2\/posts"}],"about":[{"href":"https:\/\/teste.bsb.br\/zeca\/wp-json\/wp\/v2\/types\/post"}],"author":[{"embeddable":true,"href":"https:\/\/teste.bsb.br\/zeca\/wp-json\/wp\/v2\/users\/1"}],"replies":[{"embeddable":true,"href":"https:\/\/teste.bsb.br\/zeca\/wp-json\/wp\/v2\/comments?post=28852"}],"version-history":[{"count":0,"href":"https:\/\/teste.bsb.br\/zeca\/wp-json\/wp\/v2\/posts\/28852\/revisions"}],"wp:featuredmedia":[{"embeddable":true,"href":"https:\/\/teste.bsb.br\/zeca\/wp-json\/wp\/v2\/media\/28851"}],"wp:attachment":[{"href":"https:\/\/teste.bsb.br\/zeca\/wp-json\/wp\/v2\/media?parent=28852"}],"wp:term":[{"taxonomy":"category","embeddable":true,"href":"https:\/\/teste.bsb.br\/zeca\/wp-json\/wp\/v2\/categories?post=28852"},{"taxonomy":"post_tag","embeddable":true,"href":"https:\/\/teste.bsb.br\/zeca\/wp-json\/wp\/v2\/tags?post=28852"}],"curies":[{"name":"wp","href":"https:\/\/api.w.org\/{rel}","templated":true}]}}