{"id":28848,"date":"2011-08-16T00:00:00","date_gmt":"2011-08-16T03:00:00","guid":{"rendered":"https:\/\/www.zecadirceu.com.br\/cnt-sensus-dilma-e-aprovada-por-702-da-populacao\/"},"modified":"2011-08-16T00:00:00","modified_gmt":"2011-08-16T03:00:00","slug":"cnt-sensus-dilma-e-aprovada-por-702-da-populacao","status":"publish","type":"post","link":"https:\/\/teste.bsb.br\/zeca\/cnt-sensus-dilma-e-aprovada-por-702-da-populacao\/","title":{"rendered":"CNT\/Sensus: Dilma \u00e9 aprovada por 70,2% da popula\u00e7\u00e3o"},"content":{"rendered":"<div>A presidente Dilma Rousseff &eacute; aprovada por 70,2% da popula&ccedil;&atilde;o, segundo pesquisa da Confedera&ccedil;&atilde;o Nacional dos Transportes (CNT) em parceria com o Instituto Sensus divulgada hoje. De acordo com a sondagem, o desempenho pessoal de Dilma &eacute; desaprovado por 21,1% dos entrevistados, enquanto 8,8% n&atilde;o responderam. Esta &eacute; a primeira avalia&ccedil;&atilde;o do governo Dilma divulgada pelo Sensus e ouviu 2 mil pessoas no per&iacute;odo de 7 a 12 de agosto.<\/div>\n<div>&nbsp;<\/div>\n<div>O &iacute;ndice de aprova&ccedil;&atilde;o pessoal equivale ao do ex-presidente Luiz In&aacute;cio Lula da Silva, que em agosto de 2003, no primeiro ano do primeiro mandato, era de 76,7%. J&aacute; no primeiro ano do segundo mandato, a aprova&ccedil;&atilde;o ao desempenho pessoal de Lula era de 64% (em junho de 2007).<\/div>\n<div>&nbsp;<\/div>\n<div>Em compara&ccedil;&atilde;o com &iacute;ndices anteriores, tendo em conta o mesmo per&iacute;odo do governo Lula, a reprova&ccedil;&atilde;o pessoal do ex-presidente era menor no primeiro mandato. Lula era desaprovado por 16,2% da popula&ccedil;&atilde;o em agosto de 2003. Em contrapartida, Lula era desaprovado por 29,8% da popula&ccedil;&atilde;o em junho de 2007, no segundo mandato &ndash; ou seja, a reprova&ccedil;&atilde;o de Dilma &eacute; 8,7 pontos menor que a de Lula no primeiro ano do segundo mandato.<\/div>\n","protected":false},"excerpt":{"rendered":"<p>A presidente Dilma Rousseff \u00e9 aprovada por 70,2% da popula\u00e7\u00e3o, segundo pesquisa da Confedera\u00e7\u00e3o Nacional dos Transportes (CNT) em parceria com o Instituto Sensus divulgada hoje. De acordo com a sondagem, o desempenho pessoal de Dilma \u00e9 desaprovado por 21,1% dos entrevistados, enquanto 8,8% n\u00e3o responderam. Esta \u00e9 a primeira avalia\u00e7\u00e3o do governo Dilma divulgada pelo Sensus e ouviu 2 mil pessoas no per\u00edodo de 7 a 12 de agosto.<\/p>\n<p>O \u00edndice de aprova\u00e7\u00e3o pessoal equivale ao do ex-presidente Luiz In\u00e1cio Lula da Silva, que em agosto de 2003, no primeiro ano do primeiro mandato, era de 76,7%. J\u00e1 no primeiro ano do segundo mandato, a aprova\u00e7\u00e3o ao desempenho pessoal de Lula era de 64% (em junho de 2007).<\/p>\n","protected":false},"author":1,"featured_media":28847,"comment_status":"open","ping_status":"open","sticky":false,"template":"","format":"standard","meta":{"footnotes":""},"categories":[1],"tags":[74],"class_list":["post-28848","post","type-post","status-publish","format-standard","has-post-thumbnail","hentry","category-noticias-zeca-dirceu","tag-governo"],"_links":{"self":[{"href":"https:\/\/teste.bsb.br\/zeca\/wp-json\/wp\/v2\/posts\/28848","targetHints":{"allow":["GET"]}}],"collection":[{"href":"https:\/\/teste.bsb.br\/zeca\/wp-json\/wp\/v2\/posts"}],"about":[{"href":"https:\/\/teste.bsb.br\/zeca\/wp-json\/wp\/v2\/types\/post"}],"author":[{"embeddable":true,"href":"https:\/\/teste.bsb.br\/zeca\/wp-json\/wp\/v2\/users\/1"}],"replies":[{"embeddable":true,"href":"https:\/\/teste.bsb.br\/zeca\/wp-json\/wp\/v2\/comments?post=28848"}],"version-history":[{"count":0,"href":"https:\/\/teste.bsb.br\/zeca\/wp-json\/wp\/v2\/posts\/28848\/revisions"}],"wp:featuredmedia":[{"embeddable":true,"href":"https:\/\/teste.bsb.br\/zeca\/wp-json\/wp\/v2\/media\/28847"}],"wp:attachment":[{"href":"https:\/\/teste.bsb.br\/zeca\/wp-json\/wp\/v2\/media?parent=28848"}],"wp:term":[{"taxonomy":"category","embeddable":true,"href":"https:\/\/teste.bsb.br\/zeca\/wp-json\/wp\/v2\/categories?post=28848"},{"taxonomy":"post_tag","embeddable":true,"href":"https:\/\/teste.bsb.br\/zeca\/wp-json\/wp\/v2\/tags?post=28848"}],"curies":[{"name":"wp","href":"https:\/\/api.w.org\/{rel}","templated":true}]}}