{"id":28832,"date":"2011-08-17T00:00:00","date_gmt":"2011-08-17T03:00:00","guid":{"rendered":"https:\/\/www.zecadirceu.com.br\/instituto-federal-tera-sete-novos-campis-no-parana\/"},"modified":"2011-08-17T00:00:00","modified_gmt":"2011-08-17T03:00:00","slug":"instituto-federal-tera-sete-novos-campis-no-parana","status":"publish","type":"post","link":"https:\/\/teste.bsb.br\/zeca\/instituto-federal-tera-sete-novos-campis-no-parana\/","title":{"rendered":"Instituto Federal ter\u00e1 sete novos campis no Paran\u00e1"},"content":{"rendered":"<div>A presidenta Dilma Rousseff anunciou ontem (16) a cria&ccedil;&atilde;o de sete novos campis do Instituto Federal no Paran&aacute;, o chamado IFPR. Receber&atilde;o as novas unidades os munic&iacute;pios de Pitanga, Cascavel, Uni&atilde;o da Vit&oacute;ria, Capanema, Pinhais, Colombo e Jaguaria&iacute;va.<\/div>\n<div>&nbsp;<\/div>\n<div>A consolida&ccedil;&atilde;o das novas unidades est&aacute; prevista para ocorrer nos pr&oacute;ximos tr&ecirc;s anos. As prefeituras ter&atilde;o 150 dias de prazo para comprovar que est&atilde;o aptas a receber a estrutura e se est&atilde;o dispon&iacute;veis as contrapartidas necess&aacute;rias como a transmiss&atilde;o da posse de um terreno com &aacute;rea superior a 60 mil metros quadrados.<\/div>\n<div>&nbsp;<\/div>\n<div>&ldquo;A expectativa &eacute; a de que at&eacute; 2014 tenhamos, no total, 20 campis do IFPR funcionando com toda a capacidade&rdquo;, disse o reitor do Instituto, Irineu Colombo.<\/div>\n<div>&nbsp;<\/div>\n<div>A implanta&ccedil;&atilde;o desses e de mais 113 institutos federais at&eacute; 2014 integra &agrave; terceira fase de amplia&ccedil;&atilde;o da Rede Federal de Educa&ccedil;&atilde;o Profissional, Cient&iacute;fica e Tecnol&oacute;gica, que conta ainda com a inaugura&ccedil;&atilde;o de quatro universidades federais em estados do Norte e Nordeste.<\/div>\n<div>&nbsp;<\/div>\n<div><strong>Territ&oacute;rios da Cidadania<\/strong><\/div>\n<div>Al&eacute;m dos novos campis, unidades descentralizadas poder&atilde;o ser criadas pelo IFPR, principalmente em locais denominados Territ&oacute;rios da Cidadania &#8211; pontos de investimento priorit&aacute;rio do governo federal.<\/div>\n<div>&nbsp;<\/div>\n<div>Cada unidade ter&aacute; cerca de 20 professores e cinco t&eacute;cnicos administrativos e ofertar&aacute;, prioritariamente, cursos de Forma&ccedil;&atilde;o Inicial e Continuada (FIC), que s&atilde;o voltados &agrave; capacita&ccedil;&atilde;o profissional; cursos na modalidade de Educa&ccedil;&atilde;o a Dist&acirc;ncia (EAD) e cursos t&eacute;cnicos concomitantes ao Ensino M&eacute;dio, no contraturno escolar.<\/div>\n<div>&nbsp;<\/div>\n<div>No Paran&aacute;, o primeiro territ&oacute;rio a ser contemplado com uma unidade descentralizada deve ser o da regi&atilde;o da Cantuquirigua&ccedil;u, que re&uacute;ne 20 munic&iacute;pios do M&eacute;dio Centro-Oeste do Paran&aacute;.<\/div>\n<div>&nbsp;<\/div>\n<div><strong>Crit&eacute;rios<\/strong><\/div>\n<div>Os 120 munic&iacute;pios que v&atilde;o receber as novas escolas t&eacute;cnicas do Programa Nacional de Acesso ao Ensino T&eacute;cnico e Emprego (Pronatec) foram escolhidos por crit&eacute;rios como grau de pobreza, se s&atilde;o Territ&oacute;rios da Cidadania (TC) e se receber&atilde;o obras de impacto do Programa de Acelera&ccedil;&atilde;o do Crescimento (PAC) e precisar&atilde;o de suporte t&eacute;cnico.<\/div>\n<div>&nbsp;<\/div>\n<div>Foram privilegiadas cidades muito populosas e com baixa renda per capita, al&eacute;m daquelas que apresentaram resultados ruins em avalia&ccedil;&otilde;es como o &Iacute;ndice de Desenvolvimento da Educa&ccedil;&atilde;o B&aacute;sica (Ideb) e t&ecirc;m um porcentual maior de jovens atrasados na escola.<\/div>\n","protected":false},"excerpt":{"rendered":"<p>A presidenta Dilma Rousseff anunciou ontem (16) a cria\u00e7\u00e3o de sete novos campis do Instituto Federal no Paran\u00e1, o chamado IFPR. Receber\u00e3o as novas unidades os munic\u00edpios de Pitanga, Cascavel, Uni\u00e3o da Vit\u00f3ria, Capanema, Pinhais, Colombo e Jaguaria\u00edva.<\/p>\n<p>A consolida\u00e7\u00e3o das novas unidades est\u00e1 prevista para ocorrer nos pr\u00f3ximos tr\u00eas anos. As prefeituras ter\u00e3o 150 dias de prazo para comprovar que est\u00e3o aptas a receber a estrutura e se est\u00e3o dispon\u00edveis as contrapartidas necess\u00e1rias como a transmiss\u00e3o da posse de um terreno com \u00e1rea superior a 60 mil metros quadrados.<\/p>\n","protected":false},"author":1,"featured_media":28831,"comment_status":"open","ping_status":"open","sticky":false,"template":"","format":"standard","meta":{"footnotes":""},"categories":[1],"tags":[4],"class_list":["post-28832","post","type-post","status-publish","format-standard","has-post-thumbnail","hentry","category-noticias-zeca-dirceu","tag-educacao"],"_links":{"self":[{"href":"https:\/\/teste.bsb.br\/zeca\/wp-json\/wp\/v2\/posts\/28832","targetHints":{"allow":["GET"]}}],"collection":[{"href":"https:\/\/teste.bsb.br\/zeca\/wp-json\/wp\/v2\/posts"}],"about":[{"href":"https:\/\/teste.bsb.br\/zeca\/wp-json\/wp\/v2\/types\/post"}],"author":[{"embeddable":true,"href":"https:\/\/teste.bsb.br\/zeca\/wp-json\/wp\/v2\/users\/1"}],"replies":[{"embeddable":true,"href":"https:\/\/teste.bsb.br\/zeca\/wp-json\/wp\/v2\/comments?post=28832"}],"version-history":[{"count":0,"href":"https:\/\/teste.bsb.br\/zeca\/wp-json\/wp\/v2\/posts\/28832\/revisions"}],"wp:featuredmedia":[{"embeddable":true,"href":"https:\/\/teste.bsb.br\/zeca\/wp-json\/wp\/v2\/media\/28831"}],"wp:attachment":[{"href":"https:\/\/teste.bsb.br\/zeca\/wp-json\/wp\/v2\/media?parent=28832"}],"wp:term":[{"taxonomy":"category","embeddable":true,"href":"https:\/\/teste.bsb.br\/zeca\/wp-json\/wp\/v2\/categories?post=28832"},{"taxonomy":"post_tag","embeddable":true,"href":"https:\/\/teste.bsb.br\/zeca\/wp-json\/wp\/v2\/tags?post=28832"}],"curies":[{"name":"wp","href":"https:\/\/api.w.org\/{rel}","templated":true}]}}