{"id":28830,"date":"2011-08-17T00:00:00","date_gmt":"2011-08-17T03:00:00","guid":{"rendered":"https:\/\/www.zecadirceu.com.br\/prefeitos-de-varias-regioes-do-parana-tem-agenda-cheia-em-brasilia\/"},"modified":"2011-08-17T00:00:00","modified_gmt":"2011-08-17T03:00:00","slug":"prefeitos-de-varias-regioes-do-parana-tem-agenda-cheia-em-brasilia","status":"publish","type":"post","link":"https:\/\/teste.bsb.br\/zeca\/prefeitos-de-varias-regioes-do-parana-tem-agenda-cheia-em-brasilia\/","title":{"rendered":"Prefeitos de v\u00e1rias regi\u00f5es do Paran\u00e1 t\u00eam agenda cheia em Bras\u00edlia"},"content":{"rendered":"<p>&nbsp;A agenda da comitiva dos 39 prefeitos e seis vice-prefeitos de v&aacute;rias do estado do Paran&aacute;, acompanhados de membros de suas equipes t&eacute;cnicas, ao gabinete do deputado federal Zeca Dirceu, em Bras&iacute;lia, foi bastante movimentada neste in&iacute;cio de semana. No primeiro dia foram visitados tr&ecirc;s minist&eacute;rios: das Comunica&ccedil;&otilde;es, do Esporte e o das Cidades. Em cada um, a comitiva p&ocirc;de analisar projetos do Governo Federal e esclarecer d&uacute;vidas.<\/p>\n<p class=\"MsoNormal\" style=\"text-align:justify\">A primeira audi&ecirc;ncia aconteceu no Minist&eacute;rio das Comunica&ccedil;&otilde;es, com a presen&ccedil;a do ministro Paulo Bernardo, a secret&aacute;ria de Inclus&atilde;o Digital, a paranaense Lygia Puppato, e representantes de sua equipe, os quais expuseram a import&acirc;ncia do Plano Nacional da Banda Larga e os telecentros. Os prefeitos ainda receberam, em primeira m&atilde;o, informa&ccedil;&otilde;es sobre o Programa Cidade Digital, que ser&aacute; lan&ccedil;ado em breve pelo Governo Federal.<\/p>\n<p class=\"MsoNormal\" style=\"text-align:justify\">Depois, acompanhados do deputado Zeca Dirceu, os membros da comitiva participaram de uma reuni&atilde;o com o ministro do Esporte, Orlando Silva, que falou sobre a prepara&ccedil;&atilde;o do pa&iacute;s para a Copa de 2014 e as Olimp&iacute;adas de 2016. A Lei de Incentivo ao Esporte e o Programa Segundo Tempo foram os outros dois temas discutido durante o encontro.<\/p>\n<p class=\"MsoNormal\" style=\"text-align:justify\">Para encerrar a agenda de segunda-feira, os prefeitos visitaram o Minist&eacute;rio das Cidades. Eles contaram, tamb&eacute;m, com a presen&ccedil;a do ministro M&aacute;rio Negromonte que fez um panorama dos planejamentos do Governo Federal sobre conv&ecirc;nios.<\/p>\n<p class=\"MsoNormal\" style=\"text-align:justify\"><span>&nbsp;<\/span>A boa not&iacute;cia para os visitantes veio em primeira m&atilde;o do pr&oacute;prio Negromonte. Ele adiantou que em breve haver&aacute; a desburocratiza&ccedil;&atilde;o dos conv&ecirc;nios com valores menores a um milh&atilde;o de reais. E sobre as propostas apresentadas pelos representantes paranaenses, o ministro das Cidades garantiu que ser&atilde;o entregues &agrave; presidenta Dilma Rousseff, para an&aacute;lise.&nbsp;<\/p>\n","protected":false},"excerpt":{"rendered":"<p>A agenda da comitiva dos 39 prefeitos e seis vice-prefeitos de v\u00e1rias do estado do Paran\u00e1, acompanhados de membros de suas equipes t\u00e9cnicas, ao gabinete do deputado federal Zeca Dirceu, em Bras\u00edlia, foi bastante movimentada neste in\u00edcio de semana. No primeiro dia foram visitados tr\u00eas minist\u00e9rios: das Comunica\u00e7\u00f5es, do Esporte e o das Cidades. Em cada um, a comitiva p\u00f4de analisar projetos do Governo Federal e esclarecer d\u00favidas.<\/p>\n","protected":false},"author":1,"featured_media":28829,"comment_status":"open","ping_status":"open","sticky":false,"template":"","format":"standard","meta":{"footnotes":""},"categories":[1],"tags":[69],"class_list":["post-28830","post","type-post","status-publish","format-standard","has-post-thumbnail","hentry","category-noticias-zeca-dirceu","tag-prefeitos"],"_links":{"self":[{"href":"https:\/\/teste.bsb.br\/zeca\/wp-json\/wp\/v2\/posts\/28830","targetHints":{"allow":["GET"]}}],"collection":[{"href":"https:\/\/teste.bsb.br\/zeca\/wp-json\/wp\/v2\/posts"}],"about":[{"href":"https:\/\/teste.bsb.br\/zeca\/wp-json\/wp\/v2\/types\/post"}],"author":[{"embeddable":true,"href":"https:\/\/teste.bsb.br\/zeca\/wp-json\/wp\/v2\/users\/1"}],"replies":[{"embeddable":true,"href":"https:\/\/teste.bsb.br\/zeca\/wp-json\/wp\/v2\/comments?post=28830"}],"version-history":[{"count":0,"href":"https:\/\/teste.bsb.br\/zeca\/wp-json\/wp\/v2\/posts\/28830\/revisions"}],"wp:featuredmedia":[{"embeddable":true,"href":"https:\/\/teste.bsb.br\/zeca\/wp-json\/wp\/v2\/media\/28829"}],"wp:attachment":[{"href":"https:\/\/teste.bsb.br\/zeca\/wp-json\/wp\/v2\/media?parent=28830"}],"wp:term":[{"taxonomy":"category","embeddable":true,"href":"https:\/\/teste.bsb.br\/zeca\/wp-json\/wp\/v2\/categories?post=28830"},{"taxonomy":"post_tag","embeddable":true,"href":"https:\/\/teste.bsb.br\/zeca\/wp-json\/wp\/v2\/tags?post=28830"}],"curies":[{"name":"wp","href":"https:\/\/api.w.org\/{rel}","templated":true}]}}