{"id":28814,"date":"2011-08-18T00:00:00","date_gmt":"2011-08-18T03:00:00","guid":{"rendered":"https:\/\/www.zecadirceu.com.br\/professores-de-cianorte-terminam-treinamento-do-proinfo\/"},"modified":"2011-08-18T00:00:00","modified_gmt":"2011-08-18T03:00:00","slug":"professores-de-cianorte-terminam-treinamento-do-proinfo","status":"publish","type":"post","link":"https:\/\/teste.bsb.br\/zeca\/professores-de-cianorte-terminam-treinamento-do-proinfo\/","title":{"rendered":"Professores de Cianorte terminam treinamento do Proinfo"},"content":{"rendered":"<div>Um grupo formado por 23 da rede p&uacute;blica municipal de ensino recebeu na &uacute;ltima semana o certificado de conclus&atilde;o do curso de Tecnologias na Educa&ccedil;&atilde;o: Ensinando e Aprendendo com as TICs (Tecnologias da Informa&ccedil;&atilde;o e Comunica&ccedil;&atilde;o), que aprimora os conhecimentos sobre as novas m&iacute;dias e ensina os professores a utiliz&aacute;-las em sala de aula.<\/div>\n<div>&nbsp;<\/div>\n<div>O treinamento ajuda os professores no dom&iacute;nio de novas tecnologias, a lidar com o grande n&uacute;mero de informa&ccedil;&otilde;es, aproximar-se dos alunos e oferecer aulas din&acirc;micas e atrativas.<\/div>\n<div>&nbsp;<\/div>\n<div>Quem ganha com isso, al&eacute;m dos docentes, que passam a contar com novas alternativas pedag&oacute;gicas, s&atilde;o os alunos, que podem sentir-se mais motivados a estudar e, sobretudo, adquirir novos conhecimentos, destaca a Tribuna de Cianorte.<\/div>\n<div>&nbsp;<\/div>\n<div>A dura&ccedil;&atilde;o do curso &eacute; de tr&ecirc;s meses e conta com uma carga de 100 horas curriculares. &Eacute; uma realiza&ccedil;&atilde;o do Proinfo (Programa Nacional de Tecnologia Educacional) em parceria com a Secretaria Municipal de Educa&ccedil;&atilde;o.<\/div>\n<div>&nbsp;<\/div>\n<div>A ideia &eacute; oferecer a capacita&ccedil;&atilde;o para o maior n&uacute;mero poss&iacute;vel de profissionais da &aacute;rea, objetivo que est&aacute; sendo concretizado, j&aacute; que uma nova turma acaba de ser iniciada e dever&aacute; estar formada at&eacute; novembro deste ano.<\/div>\n<div>&nbsp;<\/div>\n<div>A coordena&ccedil;&atilde;o do curso est&aacute; sob a responsabilidade da professora Miryan C&aacute;ssia Aguilera Machado Kepe, coordenadora do N&uacute;cleo de Tecnologia Municipal, e do professor\/formador municipal Rog&eacute;rio Terra da Silva.<\/div>\n","protected":false},"excerpt":{"rendered":"<p>Um grupo formado por 23 da rede p\u00fablica municipal de ensino recebeu na \u00faltima semana o certificado de conclus\u00e3o do curso de Tecnologias na Educa\u00e7\u00e3o: Ensinando e Aprendendo com as TICs (Tecnologias da Informa\u00e7\u00e3o e Comunica\u00e7\u00e3o), que aprimora os conhecimentos sobre as novas m\u00eddias e ensina os professores a utiliz\u00e1-las em sala de aula.<\/p>\n<p>O treinamento ajuda os professores no dom\u00ednio de novas tecnologias, a lidar com o grande n\u00famero de informa\u00e7\u00f5es, aproximar-se dos alunos e oferecer aulas din\u00e2micas e atrativas.<\/p>\n","protected":false},"author":1,"featured_media":28813,"comment_status":"open","ping_status":"open","sticky":false,"template":"","format":"standard","meta":{"footnotes":""},"categories":[1],"tags":[4],"class_list":["post-28814","post","type-post","status-publish","format-standard","has-post-thumbnail","hentry","category-noticias-zeca-dirceu","tag-educacao"],"_links":{"self":[{"href":"https:\/\/teste.bsb.br\/zeca\/wp-json\/wp\/v2\/posts\/28814","targetHints":{"allow":["GET"]}}],"collection":[{"href":"https:\/\/teste.bsb.br\/zeca\/wp-json\/wp\/v2\/posts"}],"about":[{"href":"https:\/\/teste.bsb.br\/zeca\/wp-json\/wp\/v2\/types\/post"}],"author":[{"embeddable":true,"href":"https:\/\/teste.bsb.br\/zeca\/wp-json\/wp\/v2\/users\/1"}],"replies":[{"embeddable":true,"href":"https:\/\/teste.bsb.br\/zeca\/wp-json\/wp\/v2\/comments?post=28814"}],"version-history":[{"count":0,"href":"https:\/\/teste.bsb.br\/zeca\/wp-json\/wp\/v2\/posts\/28814\/revisions"}],"wp:featuredmedia":[{"embeddable":true,"href":"https:\/\/teste.bsb.br\/zeca\/wp-json\/wp\/v2\/media\/28813"}],"wp:attachment":[{"href":"https:\/\/teste.bsb.br\/zeca\/wp-json\/wp\/v2\/media?parent=28814"}],"wp:term":[{"taxonomy":"category","embeddable":true,"href":"https:\/\/teste.bsb.br\/zeca\/wp-json\/wp\/v2\/categories?post=28814"},{"taxonomy":"post_tag","embeddable":true,"href":"https:\/\/teste.bsb.br\/zeca\/wp-json\/wp\/v2\/tags?post=28814"}],"curies":[{"name":"wp","href":"https:\/\/api.w.org\/{rel}","templated":true}]}}