{"id":28812,"date":"2011-08-18T00:00:00","date_gmt":"2011-08-18T03:00:00","guid":{"rendered":"https:\/\/www.zecadirceu.com.br\/jovem-negro-podera-ser-prioridade-do-projovem-diz-mec\/"},"modified":"2011-08-18T00:00:00","modified_gmt":"2011-08-18T03:00:00","slug":"jovem-negro-podera-ser-prioridade-do-projovem-diz-mec","status":"publish","type":"post","link":"https:\/\/teste.bsb.br\/zeca\/jovem-negro-podera-ser-prioridade-do-projovem-diz-mec\/","title":{"rendered":"Jovem negro poder\u00e1 ser prioridade do ProJovem, diz MEC"},"content":{"rendered":"<div>A assessora da Secretaria de Educa&ccedil;&atilde;o Continuada, Alfabetiza&ccedil;&atilde;o, Diversidade e Inclus&atilde;o (Secadi) do Minist&eacute;rio da Educa&ccedil;&atilde;o (MEC) Misiara Cristina Oliveira afirmou nesta manh&atilde; que o ProJovem Urbano poder&aacute; priorizar o jovem negro. O programa, destinado aos jovens de 18 a 29 anos, combina a forma&ccedil;&atilde;o no ensino fundamental com inicia&ccedil;&atilde;o profissional.<\/div>\n<div>&nbsp;<\/div>\n<div>Atualmente, os crit&eacute;rios do ProJovem est&atilde;o sendo revistos pelo MEC. A assessora participou de audi&ecirc;ncia p&uacute;blica na Comiss&atilde;o de Trabalho, de Administra&ccedil;&atilde;o e Servi&ccedil;o P&uacute;blico, que acaba de ser encerrada, informa a Ag&ecirc;ncia C&acirc;mara de Not&iacute;cias.<\/div>\n<div>&nbsp;<\/div>\n<div>De acordo com a assessora, a qualifica&ccedil;&atilde;o profissional, prevista no programa, tamb&eacute;m dever&aacute; ser aperfei&ccedil;oada. Misiara Oliveira considera essa uma das grandes fragilidades atuais do ProJovem. Al&eacute;m disso, segundo ela, est&aacute; sendo discutida a amplia&ccedil;&atilde;o do programa para munic&iacute;pios com 100 mil habitantes. Atualmente, o ProJovem prev&ecirc; parcerias com prefeituras de munic&iacute;pios com mais de 200 mil habitantes.<\/div>\n<div>&nbsp;<\/div>\n<div>Misiara Oliveira respondeu aos questionamentos do deputado Eudes Xavier (PT-CE), que solicitou a audi&ecirc;ncia. O parlamentar afirmou preocupar-se com a forma&ccedil;&atilde;o continuada dos educadores e educadoras; com o controle da frequ&ecirc;ncia dos alunos e das tarefas feitas por eles; com a orienta&ccedil;&atilde;o profissional dada a elas no programa; e com a articula&ccedil;&atilde;o do programa com estados e munic&iacute;pios.<\/div>\n<div>&nbsp;<\/div>\n<div>&ldquo;A forma&ccedil;&atilde;o dos educadores &eacute; estrat&eacute;gica e ser&aacute; garantida&rdquo;, disse a assessora da Secadi. &ldquo;Esse investimento em educadores &eacute; uma pol&iacute;tica do minist&eacute;rio&rdquo;, completou. Misiara tamb&eacute;m garantiu que o controle da frequ&ecirc;ncia ser&aacute; mantido.<\/div>\n<div>&nbsp;<\/div>\n<div>Conforme os crit&eacute;rios atuais do programa, o aluno inserido no ProJovem Urbano recebe um aux&iacute;lio mensal de R$ 100,00, que &eacute; pago mediante a entrega dos trabalhos escolares e frequ&ecirc;ncia de 75% &agrave;s aulas.<\/div>\n<div>&nbsp;<\/div>\n<div>Ela ressaltou ainda que principal desafio do ProJovem Urbano &eacute; garantir a eleva&ccedil;&atilde;o da escolaridade de jovens exclu&iacute;dos do processo educacional.<\/div>\n","protected":false},"excerpt":{"rendered":"<p>A assessora da Secretaria de Educa\u00e7\u00e3o Continuada, Alfabetiza\u00e7\u00e3o, Diversidade e Inclus\u00e3o (Secadi) do Minist\u00e9rio da Educa\u00e7\u00e3o (MEC) Misiara Cristina Oliveira afirmou nesta manh\u00e3 que o ProJovem Urbano poder\u00e1 priorizar o jovem negro. O programa, destinado aos jovens de 18 a 29 anos, combina a forma\u00e7\u00e3o no ensino fundamental com inicia\u00e7\u00e3o profissional.<\/p>\n<p>Atualmente, os crit\u00e9rios do ProJovem est\u00e3o sendo revistos pelo MEC. A assessora participou de audi\u00eancia p\u00fablica na Comiss\u00e3o de Trabalho, de Administra\u00e7\u00e3o e Servi\u00e7o P\u00fablico, que acaba de ser encerrada, informa a Ag\u00eancia C\u00e2mara de Not\u00edcias.<\/p>\n","protected":false},"author":1,"featured_media":28811,"comment_status":"open","ping_status":"open","sticky":false,"template":"","format":"standard","meta":{"footnotes":""},"categories":[1],"tags":[4],"class_list":["post-28812","post","type-post","status-publish","format-standard","has-post-thumbnail","hentry","category-noticias-zeca-dirceu","tag-educacao"],"_links":{"self":[{"href":"https:\/\/teste.bsb.br\/zeca\/wp-json\/wp\/v2\/posts\/28812","targetHints":{"allow":["GET"]}}],"collection":[{"href":"https:\/\/teste.bsb.br\/zeca\/wp-json\/wp\/v2\/posts"}],"about":[{"href":"https:\/\/teste.bsb.br\/zeca\/wp-json\/wp\/v2\/types\/post"}],"author":[{"embeddable":true,"href":"https:\/\/teste.bsb.br\/zeca\/wp-json\/wp\/v2\/users\/1"}],"replies":[{"embeddable":true,"href":"https:\/\/teste.bsb.br\/zeca\/wp-json\/wp\/v2\/comments?post=28812"}],"version-history":[{"count":0,"href":"https:\/\/teste.bsb.br\/zeca\/wp-json\/wp\/v2\/posts\/28812\/revisions"}],"wp:featuredmedia":[{"embeddable":true,"href":"https:\/\/teste.bsb.br\/zeca\/wp-json\/wp\/v2\/media\/28811"}],"wp:attachment":[{"href":"https:\/\/teste.bsb.br\/zeca\/wp-json\/wp\/v2\/media?parent=28812"}],"wp:term":[{"taxonomy":"category","embeddable":true,"href":"https:\/\/teste.bsb.br\/zeca\/wp-json\/wp\/v2\/categories?post=28812"},{"taxonomy":"post_tag","embeddable":true,"href":"https:\/\/teste.bsb.br\/zeca\/wp-json\/wp\/v2\/tags?post=28812"}],"curies":[{"name":"wp","href":"https:\/\/api.w.org\/{rel}","templated":true}]}}