{"id":28806,"date":"2011-08-18T00:00:00","date_gmt":"2011-08-18T03:00:00","guid":{"rendered":"https:\/\/www.zecadirceu.com.br\/prefeitos-escolhem-zeca-dirceu-para-ser-representante-oficial-de-tres-municipios\/"},"modified":"2011-08-18T00:00:00","modified_gmt":"2011-08-18T03:00:00","slug":"prefeitos-escolhem-zeca-dirceu-para-ser-representante-oficial-de-tres-municipios","status":"publish","type":"post","link":"https:\/\/teste.bsb.br\/zeca\/prefeitos-escolhem-zeca-dirceu-para-ser-representante-oficial-de-tres-municipios\/","title":{"rendered":"Prefeitos escolhem Zeca Dirceu para ser representante oficial de tr\u00eas munic\u00edpios"},"content":{"rendered":"<div style=\"margin: 0cm 0cm 10pt\">Em mais uma rodada de visitas aos munic&iacute;pios do Paran&aacute;, o deputado federal Zeca Dirceu (PT-PR) esteve nas cidades de Doutor Camargo, Iguara&ccedil;u, Munhoz de Mello e Santa F&eacute;, na regi&atilde;o Noroeste. E o resultado n&atilde;o poderia ter sido melhor: em Iguara&ccedil;u, Munhoz de Mello e Santa F&eacute;, Zeca foi recebido pelos prefeitos na condi&ccedil;&atilde;o de representante oficial do munic&iacute;pio em Bras&iacute;lia.<\/div>\n<div style=\"margin: 0cm 0cm 10pt\">Isso porque o parlamentar se colocou &agrave; disposi&ccedil;&atilde;o dos prefeitos para defender recursos pendentes e tamb&eacute;m para passar a tratar de outros projetos de interesse destes munic&iacute;pios junto ao Governo Federal. &ldquo;&Eacute; bastante gratificante, num per&iacute;odo t&atilde;o curto de mandato, j&aacute; ver tr&ecirc;s cidades importantes da regi&atilde;o de Maring&aacute; assumindo o compromisso para que eu possa representar oficialmente o munic&iacute;pio como deputado federal&rdquo;, disse Zeca Dirceu.<\/div>\n<div style=\"margin: 0cm 0cm 10pt\">O parlamentar petista garantiu que corresponder&aacute; &agrave;s expectativas das tr&ecirc;s cidades, no sentido de liberar os recursos que os munic&iacute;pios est&atilde;o aguardando para que obras j&aacute; em andamento possam ser conclu&iacute;das e outras iniciadas. &ldquo;N&atilde;o tenho d&uacute;vidas de que vamos ter &ecirc;xito tamb&eacute;m no sentido de viabilizar novos investimentos do Governo Federal, e principalmente estabelecer uma rela&ccedil;&atilde;o pol&iacute;tica mais pr&oacute;xima, para que a gente possa cada vez mais compreender os desafios destas tr&ecirc;s cidades&rdquo;, afirmou.<\/div>\n<div style=\"margin: 0cm 0cm 10pt\">&nbsp;<\/div>\n<div style=\"margin: 0cm 0cm 10pt\">Parceria<\/div>\n<div style=\"margin: 0cm 0cm 10pt\">O prefeito de Munhoz de Mello, Gilmar Silva, falou sobre as expectativas em rela&ccedil;&atilde;o &agrave; parceria com o parlamentar, que &eacute; vice-l&iacute;der do PT na C&acirc;mara dos Deputados. &ldquo;Da mesma forma como o Zeca assumiu o compromisso de trabalhar pelo nosso munic&iacute;pio, estamos assumindo um compromisso com ele. Acredito muito nele, &eacute; jovem, foi prefeito e conhece a realidade das cidades, tem uma equipe excepcional e com certeza ser&aacute; uma parceria muito importante para o futuro de Munhoz de Mello&rdquo;, disse Silva.<\/div>\n<div style=\"margin: 0cm 0cm 10pt\">J&aacute; o prefeito de Santa F&eacute;, Fernando Brambilla, apresentou o novo representante do munic&iacute;pio &agrave; popula&ccedil;&atilde;o durante um grande evento realizado na noite de sexta-feira, com a participa&ccedil;&atilde;o de aproximadamente 400 pessoas. &ldquo;O Zeca conhece os anseios dos munic&iacute;pios e sabe o quanto n&oacute;s precisamos do Governo Federal. Al&eacute;m disso, ele tem um excelente relacionamento com a presidenta Dilma e com os minist&eacute;rios, e certamente ajudar&aacute; muito a nossa cidade&rdquo;, disse Brambilla.<\/div>\n<div style=\"margin: 0cm 0cm 10pt\">Na an&aacute;lise do prefeito de Iguara&ccedil;u, Manoel &ldquo;Nelinho&rdquo; Abrantes, a for&ccedil;a pol&iacute;tica de Zeca Dirceu ser&aacute; fundamental para garantir recursos federais ao munic&iacute;pio. &ldquo;O Zeca representa a renova&ccedil;&atilde;o na pol&iacute;tica do Paran&aacute;, mas ao mesmo tempo tem uma experi&ecirc;ncia valiosa nas tratativas com os minist&eacute;rios e outros &oacute;rg&atilde;os federais, por isso acredito que Iguara&ccedil;u s&oacute; tem a ganhar firmando esta parceria com ele&rdquo;, concluiu Nelinho.<\/div>\n","protected":false},"excerpt":{"rendered":"<p>Em mais uma rodada de visitas aos munic\u00edpios do Paran\u00e1, o deputado federal Zeca Dirceu (PT-PR) esteve nas cidades de Doutor Camargo, Iguara\u00e7u, Munhoz de Mello e Santa F\u00e9, na regi\u00e3o Noroeste. E o resultado n\u00e3o poderia ter sido melhor: em Iguara\u00e7u, Munhoz de Mello e Santa F\u00e9, Zeca foi recebido pelos prefeitos na condi\u00e7\u00e3o de representante oficial do munic\u00edpio em Bras\u00edlia.<\/p>\n","protected":false},"author":1,"featured_media":28805,"comment_status":"open","ping_status":"open","sticky":false,"template":"","format":"standard","meta":{"footnotes":""},"categories":[1],"tags":[720],"class_list":["post-28806","post","type-post","status-publish","format-standard","has-post-thumbnail","hentry","category-noticias-zeca-dirceu","tag-visita"],"_links":{"self":[{"href":"https:\/\/teste.bsb.br\/zeca\/wp-json\/wp\/v2\/posts\/28806","targetHints":{"allow":["GET"]}}],"collection":[{"href":"https:\/\/teste.bsb.br\/zeca\/wp-json\/wp\/v2\/posts"}],"about":[{"href":"https:\/\/teste.bsb.br\/zeca\/wp-json\/wp\/v2\/types\/post"}],"author":[{"embeddable":true,"href":"https:\/\/teste.bsb.br\/zeca\/wp-json\/wp\/v2\/users\/1"}],"replies":[{"embeddable":true,"href":"https:\/\/teste.bsb.br\/zeca\/wp-json\/wp\/v2\/comments?post=28806"}],"version-history":[{"count":0,"href":"https:\/\/teste.bsb.br\/zeca\/wp-json\/wp\/v2\/posts\/28806\/revisions"}],"wp:featuredmedia":[{"embeddable":true,"href":"https:\/\/teste.bsb.br\/zeca\/wp-json\/wp\/v2\/media\/28805"}],"wp:attachment":[{"href":"https:\/\/teste.bsb.br\/zeca\/wp-json\/wp\/v2\/media?parent=28806"}],"wp:term":[{"taxonomy":"category","embeddable":true,"href":"https:\/\/teste.bsb.br\/zeca\/wp-json\/wp\/v2\/categories?post=28806"},{"taxonomy":"post_tag","embeddable":true,"href":"https:\/\/teste.bsb.br\/zeca\/wp-json\/wp\/v2\/tags?post=28806"}],"curies":[{"name":"wp","href":"https:\/\/api.w.org\/{rel}","templated":true}]}}