{"id":28796,"date":"2011-08-19T00:00:00","date_gmt":"2011-08-19T03:00:00","guid":{"rendered":"https:\/\/www.zecadirceu.com.br\/programa-saude-nao-tem-preco-e-acao-estrategica-no-plano-nacional-de-combate-a-doencas\/"},"modified":"2011-08-19T00:00:00","modified_gmt":"2011-08-19T03:00:00","slug":"programa-saude-nao-tem-preco-e-acao-estrategica-no-plano-nacional-de-combate-a-doencas","status":"publish","type":"post","link":"https:\/\/teste.bsb.br\/zeca\/programa-saude-nao-tem-preco-e-acao-estrategica-no-plano-nacional-de-combate-a-doencas\/","title":{"rendered":"Programa Sa\u00fade N\u00e3o Tem Pre\u00e7o \u00e9 a\u00e7\u00e3o estrat\u00e9gica no Plano Nacional de Combate \u00e0 doen\u00e7as"},"content":{"rendered":"<p>&nbsp;Mais de 70% das causas de morte de brasileiros est&atilde;o ligadas &agrave;s doen&ccedil;as cr&ocirc;nicas n&atilde;o transmiss&iacute;veis. Entre os principais vil&otilde;es est&atilde;o a hipertens&atilde;o e o diabetes. Para combater esses males o Minist&eacute;rio da Sa&uacute;de elegeu o programa Sa&uacute;de N&atilde;o Tem Pre&ccedil;o como uma das a&ccedil;&otilde;es estrat&eacute;gicas dentro do plano de enfrentamento as doen&ccedil;as cr&ocirc;nicas n&atilde;o transmiss&iacute;veis. A a&ccedil;&atilde;o j&aacute; chegou h&aacute; mais de quatro milh&otilde;es de brasileiros, que puderam retirar o tratamento para essas duas doen&ccedil;as de forma gratuita nas mais de 17 mil farm&aacute;cias populares espalhadas pelo Pa&iacute;s.<\/p>\n<p class=\"MsoNormal\">O ministro da Sa&uacute;de, Alexandre Padilha, destacou que nos primeiros seis meses do Programa o acesso aos medicamentos dobrou. &quot;A principal a&ccedil;&atilde;o foi o programa Sa&uacute;de N&atilde;o Tem Pre&ccedil;o oferecer medicamentos gratuitos em toda a rede do Aqui Tem Farm&aacute;cia Popular. Eu diria que essa &eacute; uma a&ccedil;&atilde;o muito importante de acesso de medicamentos. Agora mais importante do que n&atilde;o ter medicamento &eacute; talvez n&atilde;o precisar do medicamento. &Eacute; um programa que busca ampliar o acesso aos medicamentos, mas sobretudo interferir nos fatores de risco das doen&ccedil;as cr&ocirc;nicas n&atilde;o transmiss&iacute;veis,&quot;<span>&nbsp; <\/span>explicou o ministro.<\/p>\n<p class=\"MsoNormal\">O Plano de A&ccedil;&otilde;es Estrat&eacute;gicas para o Enfrentamento das Doen&ccedil;as Cr&ocirc;nicas N&atilde;o Transmiss&iacute;veis no Brasil do Minist&eacute;rio da Sa&uacute;de, 2011 -2022, quer reduzir em 2% a taxa de morte dos brasileiros por esse tipo de doen&ccedil;a. Em setembro, a presidenta Dilma Rousseff participa do encontro da ONU que ter&aacute; como pauta as a&ccedil;&otilde;es dos pa&iacute;ses contra as doen&ccedil;as cr&ocirc;nicas n&atilde;o transmiss&iacute;veis.<\/p>\n","protected":false},"excerpt":{"rendered":"<p>Mais de 70% das causas de morte de brasileiros est\u00e3o ligadas \u00e0s doen\u00e7as cr\u00f4nicas n\u00e3o transmiss\u00edveis. Entre os principais vil\u00f5es est\u00e3o a hipertens\u00e3o e o diabetes. Para combater esses males o Minist\u00e9rio da Sa\u00fade elegeu o programa Sa\u00fade N\u00e3o Tem Pre\u00e7o como uma das a\u00e7\u00f5es estrat\u00e9gicas dentro do plano de enfrentamento as doen\u00e7as cr\u00f4nicas n\u00e3o transmiss\u00edveis. A a\u00e7\u00e3o j\u00e1 chegou h\u00e1 mais de quatro milh\u00f5es de brasileiros, que puderam retirar o tratamento para essas duas doen\u00e7as de forma gratuita nas mais de 17 mil farm\u00e1cias populares espalhadas pelo Pa\u00eds.<\/p>\n","protected":false},"author":1,"featured_media":28795,"comment_status":"open","ping_status":"open","sticky":false,"template":"","format":"standard","meta":{"footnotes":""},"categories":[1],"tags":[479],"class_list":["post-28796","post","type-post","status-publish","format-standard","has-post-thumbnail","hentry","category-noticias-zeca-dirceu","tag-programa"],"_links":{"self":[{"href":"https:\/\/teste.bsb.br\/zeca\/wp-json\/wp\/v2\/posts\/28796","targetHints":{"allow":["GET"]}}],"collection":[{"href":"https:\/\/teste.bsb.br\/zeca\/wp-json\/wp\/v2\/posts"}],"about":[{"href":"https:\/\/teste.bsb.br\/zeca\/wp-json\/wp\/v2\/types\/post"}],"author":[{"embeddable":true,"href":"https:\/\/teste.bsb.br\/zeca\/wp-json\/wp\/v2\/users\/1"}],"replies":[{"embeddable":true,"href":"https:\/\/teste.bsb.br\/zeca\/wp-json\/wp\/v2\/comments?post=28796"}],"version-history":[{"count":0,"href":"https:\/\/teste.bsb.br\/zeca\/wp-json\/wp\/v2\/posts\/28796\/revisions"}],"wp:featuredmedia":[{"embeddable":true,"href":"https:\/\/teste.bsb.br\/zeca\/wp-json\/wp\/v2\/media\/28795"}],"wp:attachment":[{"href":"https:\/\/teste.bsb.br\/zeca\/wp-json\/wp\/v2\/media?parent=28796"}],"wp:term":[{"taxonomy":"category","embeddable":true,"href":"https:\/\/teste.bsb.br\/zeca\/wp-json\/wp\/v2\/categories?post=28796"},{"taxonomy":"post_tag","embeddable":true,"href":"https:\/\/teste.bsb.br\/zeca\/wp-json\/wp\/v2\/tags?post=28796"}],"curies":[{"name":"wp","href":"https:\/\/api.w.org\/{rel}","templated":true}]}}