{"id":28794,"date":"2011-08-19T00:00:00","date_gmt":"2011-08-19T03:00:00","guid":{"rendered":"https:\/\/www.zecadirceu.com.br\/selecao-brasileira-de-basquete-chega-hoje-em-foz-do-iguacu\/"},"modified":"2011-08-19T00:00:00","modified_gmt":"2011-08-19T03:00:00","slug":"selecao-brasileira-de-basquete-chega-hoje-em-foz-do-iguacu","status":"publish","type":"post","link":"https:\/\/teste.bsb.br\/zeca\/selecao-brasileira-de-basquete-chega-hoje-em-foz-do-iguacu\/","title":{"rendered":"Sele\u00e7\u00e3o brasileira de basquete chega hoje em  Foz do Igua\u00e7u"},"content":{"rendered":"<p>&nbsp;A Sele&ccedil;&atilde;o brasileira de basquete chega hoje, 19, e permanece na cidade por dez dias.Com patroc&iacute;nio da Eletrobr&aacute;s e da Prefeitura de Foz do Igua&ccedil;u, e apoio da Itaipu Binacional, a Copa Tuto Marchand ser&aacute; o &uacute;ltimo teste das sele&ccedil;&otilde;es adultas masculinas do Brasil, Canad&aacute;, Porto Rico e Rep&uacute;blica Dominicana antes do Torneio Pr&eacute;-Ol&iacute;mpico das Am&eacute;ricas, que ocorre na sequ&ecirc;ncia &ndash; de 30 de agosto a 11 de setembro, em Mar del Plata, na Argentina.<\/p>\n<p class=\"MsoNormal\"><o:p><\/o:p><\/p>\n<p class=\"MsoNormal\">Apenas os dois primeiros colocados no pr&eacute;-ol&iacute;mpico v&atilde;o garantir vaga nos Jogos de Londres, em 2012. Por isso, as sele&ccedil;&otilde;es devem vir para Foz com for&ccedil;a total, incluindo atletas que jogam nas principais ligas do mundo, como a NBA, dos Estados Unidos, e a liga espanhola.<o:p><\/o:p><\/p>\n<p class=\"MsoNormal\"><span>&nbsp;<\/span>Para a sele&ccedil;&atilde;o brasileira, o teste em Foz do Igua&ccedil;u e os jogos na Argentina t&ecirc;m um significado especial. Desde 1996, quando foi eliminado pelos norte-americanos nas quartas-de-final, nos Jogos de Atlanta (EUA), o time masculino do Pa&iacute;s n&atilde;o consegue vaga para disputar as Olimp&iacute;adas.<o:p><\/o:p><\/p>\n<p class=\"MsoNormal\">&ldquo;Nossas estrelas do basquete ser&atilde;o recepcionados com muita alegria por alunos dos nossos p&oacute;los de basquete e pela comunidade igua&ccedil;uense. Queremos passar a eles toda a energia da &lsquo;Terra das Cataratas&rsquo; e da Itaipu Binacional, para que a t&atilde;o sonhada vaga ol&iacute;mpica seja conquistada&rdquo;, finaliza M&aacute;rcio Claudino ferreira, Secret&aacute;rio Municipal de Esportes de Foz do Igua&ccedil;u.<o:p><\/o:p><\/p>\n<p class=\"MsoNormal\"><span>&nbsp;<\/span>A chegada dos jogadores e comiss&atilde;o t&eacute;cnica est&aacute; prevista para as 15 horas, no Aeroporto Internacional de Foz do Igua&ccedil;u. O Brasil estreia no dia 24, &agrave;s 19 horas, contra o Canad&aacute;. O jogo ter&aacute; transmiss&atilde;o ao vivo pelo canal de esportes Sportv.<o:p><\/o:p><\/p>\n<p class=\"MsoNormal\"><o:p>&nbsp;<\/o:p><\/p>\n<p class=\"MsoNormal\"><b>Tuto Marchand &#8211;<\/b> O torneio internacional em Foz do Igua&ccedil;u ser&aacute; a terceira edi&ccedil;&atilde;o da Copa Tuto Marchand e a primeira realizada no Brasil. As duas edi&ccedil;&otilde;es anteriores, em 2007 e 2009, ocorreram em San Juan, Porto Rico &ndash; e nas duas vezes a sele&ccedil;&atilde;o brasileira foi campe&atilde;. O nome do torneio &eacute; uma homenagem ao ex-jogador porto-riquenho Jenaro Tuto Marchand, que foi dirigente da Fiba e da Fiba-Am&eacute;ricas.<\/p>\n<p class=\"MsoNormal\"><i>Tabela de jogos<o:p><\/o:p><\/i><\/p>\n<p class=\"MsoNormal\" style=\"margin-bottom:0cm;margin-bottom:.0001pt\"><b>Dia 24 de agosto<o:p><\/o:p><\/b><\/p>\n<p class=\"MsoNormal\" style=\"margin-bottom:0cm;margin-bottom:.0001pt\">19h &ndash; Brasil x Canad&aacute;*<o:p><\/o:p><\/p>\n<p class=\"MsoNormal\" style=\"margin-bottom:0cm;margin-bottom:.0001pt\">21h15 &ndash; Rep&uacute;blica Dominicana x Porto Rico<o:p><\/o:p><\/p>\n<p class=\"MsoNormal\" style=\"margin-bottom:0cm;margin-bottom:.0001pt\"><b>Dia 25 de agosto<o:p><\/o:p><\/b><\/p>\n<p class=\"MsoNormal\" style=\"margin-bottom:0cm;margin-bottom:.0001pt\">19h &ndash; Porto Rico x Canad&aacute;<o:p><\/o:p><\/p>\n<p class=\"MsoNormal\" style=\"margin-bottom:0cm;margin-bottom:.0001pt\">21h15 &ndash; Brasil x Rep&uacute;blica Dominicana*<o:p><\/o:p><\/p>\n<p class=\"MsoNormal\" style=\"margin-bottom:0cm;margin-bottom:.0001pt\"><b>Dia 26 de agosto<o:p><\/o:p><\/b><\/p>\n<p class=\"MsoNormal\" style=\"margin-bottom:0cm;margin-bottom:.0001pt\">19h &ndash; Canad&aacute; x Rep&uacute;blica Republicana<o:p><\/o:p><\/p>\n<p class=\"MsoNormal\" style=\"margin-bottom:0cm;margin-bottom:.0001pt\">21h15 &ndash; Brasil x Porto Rico*<o:p><\/o:p><\/p>\n<p class=\"MsoNormal\" style=\"margin-bottom:0cm;margin-bottom:.0001pt\"><o:p>&nbsp;<\/o:p><\/p>\n","protected":false},"excerpt":{"rendered":"<p>A Sele\u00e7\u00e3o brasileira de basquete chega hoje, 19, e permanece na cidade por dez dias.Com patroc\u00ednio da Eletrobr\u00e1s e da Prefeitura de Foz do Igua\u00e7u, e apoio da Itaipu Binacional, a Copa Tuto Marchand ser\u00e1 o \u00faltimo teste das sele\u00e7\u00f5es adultas masculinas do Brasil, Canad\u00e1, Porto Rico e Rep\u00fablica Dominicana antes do Torneio Pr\u00e9-Ol\u00edmpico das Am\u00e9ricas, que ocorre na sequ\u00eancia \u2013 de 30 de agosto a 11 de setembro, em Mar del Plata, na Argentina.<br \/>\nApenas os dois primeiros colocados no pr\u00e9-ol\u00edmpico v\u00e3o garantir vaga nos Jogos de Londres, em 2012. Por isso, as sele\u00e7\u00f5es devem vir para Foz com for\u00e7a total, incluindo atletas que jogam nas principais ligas do mundo, como a NBA, dos Estados Unidos, e a liga espanhola.<\/p>\n","protected":false},"author":1,"featured_media":28793,"comment_status":"open","ping_status":"open","sticky":false,"template":"","format":"standard","meta":{"footnotes":""},"categories":[1],"tags":[275],"class_list":["post-28794","post","type-post","status-publish","format-standard","has-post-thumbnail","hentry","category-noticias-zeca-dirceu","tag-esporte"],"_links":{"self":[{"href":"https:\/\/teste.bsb.br\/zeca\/wp-json\/wp\/v2\/posts\/28794","targetHints":{"allow":["GET"]}}],"collection":[{"href":"https:\/\/teste.bsb.br\/zeca\/wp-json\/wp\/v2\/posts"}],"about":[{"href":"https:\/\/teste.bsb.br\/zeca\/wp-json\/wp\/v2\/types\/post"}],"author":[{"embeddable":true,"href":"https:\/\/teste.bsb.br\/zeca\/wp-json\/wp\/v2\/users\/1"}],"replies":[{"embeddable":true,"href":"https:\/\/teste.bsb.br\/zeca\/wp-json\/wp\/v2\/comments?post=28794"}],"version-history":[{"count":0,"href":"https:\/\/teste.bsb.br\/zeca\/wp-json\/wp\/v2\/posts\/28794\/revisions"}],"wp:featuredmedia":[{"embeddable":true,"href":"https:\/\/teste.bsb.br\/zeca\/wp-json\/wp\/v2\/media\/28793"}],"wp:attachment":[{"href":"https:\/\/teste.bsb.br\/zeca\/wp-json\/wp\/v2\/media?parent=28794"}],"wp:term":[{"taxonomy":"category","embeddable":true,"href":"https:\/\/teste.bsb.br\/zeca\/wp-json\/wp\/v2\/categories?post=28794"},{"taxonomy":"post_tag","embeddable":true,"href":"https:\/\/teste.bsb.br\/zeca\/wp-json\/wp\/v2\/tags?post=28794"}],"curies":[{"name":"wp","href":"https:\/\/api.w.org\/{rel}","templated":true}]}}