{"id":28786,"date":"2011-08-19T00:00:00","date_gmt":"2011-08-19T03:00:00","guid":{"rendered":"https:\/\/www.zecadirceu.com.br\/segundo-voo-sol-vai-ligar-toledo-a-curitiba\/"},"modified":"2011-08-19T00:00:00","modified_gmt":"2011-08-19T03:00:00","slug":"segundo-voo-sol-vai-ligar-toledo-a-curitiba","status":"publish","type":"post","link":"https:\/\/teste.bsb.br\/zeca\/segundo-voo-sol-vai-ligar-toledo-a-curitiba\/","title":{"rendered":"Segundo voo Sol vai ligar  Toledo a Curitiba"},"content":{"rendered":"<p>&nbsp;<span class=\"Apple-style-span\" style=\"font-family: arial, sans-serif; \"><span class=\"Apple-style-span\" style=\"font-size: 16px; line-height: 18px; \">A partir desta segunda-feira, dia 22 de agosto, a regi&atilde;o de Toledo-Cascavel e munic&iacute;pios vizinhos ter&aacute; uma nova op&ccedil;&atilde;o para viajar a Curitiba, de segunda a sexta-feira. Al&eacute;m do voo com escala em Umuarama, a Sol estar&aacute; abrindo um segundo voo, ligando Toledo a Curitiba e sem escalas.<\/span><\/p>\n<p class=\"MsoNormal\" style=\"font-size: 13px; margin-top: 0cm; margin-right: 0cm; margin-bottom: 10pt; margin-left: 0cm; text-align: justify; \"><span style=\"font-size: 12pt; line-height: 18px; \">Segundo o presidente da empresa, Marcos Solano Vale, a aeronave decolar&aacute; de Curitiba &agrave;s 8h44, com chegada a Toledo &agrave;s 10h20. O retorno de Toledo a Curitiba dar-se-&aacute; &agrave;s 10h52, com chegada ao Afonso Pena &agrave;s 12h22.<\/span><\/p>\n<p class=\"MsoNormal\" style=\"font-size: 13px; margin-top: 0cm; margin-right: 0cm; margin-bottom: 10pt; margin-left: 0cm; text-align: justify; \"><span style=\"font-size: 12pt; line-height: 18px; \">O primeiro voo Sol, que j&aacute; vem conquistando a prefer&ecirc;ncia de usu&aacute;rios de toda a regi&atilde;o Oeste e do Centro-Oeste, decola &agrave;s seis da manh&atilde; do aeroporto Luiz Dal Canalle Filho, de Toledo. Faz escala em Umuarama e j&aacute; no in&iacute;cio do expediente, &agrave;s 8h16, est&aacute; chegando &agrave; Capital do Estado. &Aacute; noite, a Sol decola &agrave;s 21h30 de Curitiba, com escala em Umuarama e chegada a Toledo &agrave;s 23h50.<\/span><\/p>\n<p class=\"MsoNormal\" style=\"font-size: 13px; margin-top: 0cm; margin-right: 0cm; margin-bottom: 10pt; margin-left: 0cm; text-align: justify; \"><span style=\"font-size: 12pt; line-height: 18px; \">A compra de passagens para os voos entre as cidades de Curitiba, Umuarama e Toledo pode ser feita em agentes de viagens ou diretamente no site<\/span><a href=\"http:\/\/www.voesol.com.br\/\" target=\"_blank\" style=\"color: rgb(0, 0, 204); \"><span style=\"font-size: 12pt; line-height: 18px; \"><font color=\"#0000ff\">www.voesol.com.br<\/font><\/span><\/a><span style=\"font-size: 12pt; line-height: 18px; \">&nbsp;onde o usu&aacute;rio tamb&eacute;m pode obter mais informa&ccedil;&otilde;es.<\/span><\/p>\n<p><\/span><\/p>\n","protected":false},"excerpt":{"rendered":"<p>A partir desta segunda-feira, dia 22 de agosto, a regi\u00e3o de Toledo-Cascavel e munic\u00edpios vizinhos ter\u00e1 uma nova op\u00e7\u00e3o para viajar a Curitiba, de segunda a sexta-feira. Al\u00e9m do voo com escala em Umuarama, a Sol estar\u00e1 abrindo um segundo voo, ligando Toledo a Curitiba e sem escalas.<br \/>\nSegundo o presidente da empresa, Marcos Solano Vale, a aeronave decolar\u00e1 de Curitiba \u00e0s 8h44, com chegada a Toledo \u00e0s 10h20. O retorno de Toledo a Curitiba dar-se-\u00e1 \u00e0s 10h52, com chegada ao Afonso Pena \u00e0s 12h22.<\/p>\n","protected":false},"author":1,"featured_media":28785,"comment_status":"open","ping_status":"open","sticky":false,"template":"","format":"standard","meta":{"footnotes":""},"categories":[1],"tags":[6839],"class_list":["post-28786","post","type-post","status-publish","format-standard","has-post-thumbnail","hentry","category-noticias-zeca-dirceu","tag-voo-sol"],"_links":{"self":[{"href":"https:\/\/teste.bsb.br\/zeca\/wp-json\/wp\/v2\/posts\/28786","targetHints":{"allow":["GET"]}}],"collection":[{"href":"https:\/\/teste.bsb.br\/zeca\/wp-json\/wp\/v2\/posts"}],"about":[{"href":"https:\/\/teste.bsb.br\/zeca\/wp-json\/wp\/v2\/types\/post"}],"author":[{"embeddable":true,"href":"https:\/\/teste.bsb.br\/zeca\/wp-json\/wp\/v2\/users\/1"}],"replies":[{"embeddable":true,"href":"https:\/\/teste.bsb.br\/zeca\/wp-json\/wp\/v2\/comments?post=28786"}],"version-history":[{"count":0,"href":"https:\/\/teste.bsb.br\/zeca\/wp-json\/wp\/v2\/posts\/28786\/revisions"}],"wp:featuredmedia":[{"embeddable":true,"href":"https:\/\/teste.bsb.br\/zeca\/wp-json\/wp\/v2\/media\/28785"}],"wp:attachment":[{"href":"https:\/\/teste.bsb.br\/zeca\/wp-json\/wp\/v2\/media?parent=28786"}],"wp:term":[{"taxonomy":"category","embeddable":true,"href":"https:\/\/teste.bsb.br\/zeca\/wp-json\/wp\/v2\/categories?post=28786"},{"taxonomy":"post_tag","embeddable":true,"href":"https:\/\/teste.bsb.br\/zeca\/wp-json\/wp\/v2\/tags?post=28786"}],"curies":[{"name":"wp","href":"https:\/\/api.w.org\/{rel}","templated":true}]}}