{"id":28770,"date":"2011-08-20T00:00:00","date_gmt":"2011-08-20T03:00:00","guid":{"rendered":"https:\/\/www.zecadirceu.com.br\/corrida-em-prol-do-meio-ambiente-e-adiada-em-cianorte\/"},"modified":"2011-08-20T00:00:00","modified_gmt":"2011-08-20T03:00:00","slug":"corrida-em-prol-do-meio-ambiente-e-adiada-em-cianorte","status":"publish","type":"post","link":"https:\/\/teste.bsb.br\/zeca\/corrida-em-prol-do-meio-ambiente-e-adiada-em-cianorte\/","title":{"rendered":"Corrida em Prol do Meio Ambiente \u00e9 adiada, em Cianorte"},"content":{"rendered":"<p>&nbsp;Devido ao tempo inst&aacute;vel que tem se apresentado nos &uacute;ltimos dias e a previs&atilde;o de chuvas para o fim de semana, a Corrida em Prol do Meio Ambiente, prevista para ocorrer no domingo (21), foi cancelada.<\/p>\n<p class=\"MsoNormal\"><o:p><\/o:p><\/p>\n<p class=\"MsoNormal\">De acordo com a organiza&ccedil;&atilde;o do evento, uma nova data ser&aacute; marcada e divulgada, momento em que se espera ter melhores condi&ccedil;&otilde;es para a realiza&ccedil;&atilde;o de exerc&iacute;cios e de a&ccedil;&otilde;es a favor do meio ambiente.<o:p><\/o:p><\/p>\n<p class=\"MsoNormal\">A altera&ccedil;&atilde;o da data do evento garantir&aacute; maior n&uacute;mero de participantes, sem oferecer riscos. &ldquo;A equipe organizadora se reuniu e decidiu adiar a corrida, visando &agrave; integridade da sa&uacute;de das crian&ccedil;as que ir&atilde;o participar&rdquo;, informa a bi&oacute;loga Cristiane M. Roco, chefe da Divis&atilde;o de Educa&ccedil;&atilde;o Ambiental.<o:p><\/o:p><\/p>\n<p class=\"MsoNormal\">Na programa&ccedil;&atilde;o do evento, al&eacute;m da corrida, valorizando a pr&aacute;tica de exerc&iacute;cios, est&aacute; o plantio de mudas de &aacute;rvores no Parque Cintur&atilde;o Verde. S&atilde;o esperadas cerca de 400 crian&ccedil;as para a ocasi&atilde;o. A ideia &eacute; chamar a aten&ccedil;&atilde;o da popula&ccedil;&atilde;o para a mobiliza&ccedil;&atilde;o em favor do ecossistema.<o:p><\/o:p><\/p>\n<p class=\"MsoNormal\">A Corrida em Prol do Meio Ambiente faz parte do Projeto Atleta do Futuro, do Sesi<span>&nbsp; <\/span>(Servi&ccedil;o Social da Ind&uacute;stria), em parceria com o Instituto Morena Rosa e a Prefeitura, por meio da Secretaria Municipal de Meio Ambiente. O evento conta com o apoio da Amafil, Avenorte, Be Eight, Kaete e Secretaria Municipal de Esportes.<\/p>\n","protected":false},"excerpt":{"rendered":"<p>Devido ao tempo inst\u00e1vel que tem se apresentado nos \u00faltimos dias e a previs\u00e3o de chuvas para o fim de semana, a Corrida em Prol do Meio Ambiente, prevista para ocorrer no domingo (21), foi cancelada.<\/p>\n<p>De acordo com a organiza\u00e7\u00e3o do evento, uma nova data ser\u00e1 marcada e divulgada, momento em que se espera ter melhores condi\u00e7\u00f5es para a realiza\u00e7\u00e3o de exerc\u00edcios e de a\u00e7\u00f5es a favor do meio ambiente.<\/p>\n","protected":false},"author":1,"featured_media":28769,"comment_status":"open","ping_status":"open","sticky":false,"template":"","format":"standard","meta":{"footnotes":""},"categories":[1],"tags":[121],"class_list":["post-28770","post","type-post","status-publish","format-standard","has-post-thumbnail","hentry","category-noticias-zeca-dirceu","tag-cianorte"],"_links":{"self":[{"href":"https:\/\/teste.bsb.br\/zeca\/wp-json\/wp\/v2\/posts\/28770","targetHints":{"allow":["GET"]}}],"collection":[{"href":"https:\/\/teste.bsb.br\/zeca\/wp-json\/wp\/v2\/posts"}],"about":[{"href":"https:\/\/teste.bsb.br\/zeca\/wp-json\/wp\/v2\/types\/post"}],"author":[{"embeddable":true,"href":"https:\/\/teste.bsb.br\/zeca\/wp-json\/wp\/v2\/users\/1"}],"replies":[{"embeddable":true,"href":"https:\/\/teste.bsb.br\/zeca\/wp-json\/wp\/v2\/comments?post=28770"}],"version-history":[{"count":0,"href":"https:\/\/teste.bsb.br\/zeca\/wp-json\/wp\/v2\/posts\/28770\/revisions"}],"wp:featuredmedia":[{"embeddable":true,"href":"https:\/\/teste.bsb.br\/zeca\/wp-json\/wp\/v2\/media\/28769"}],"wp:attachment":[{"href":"https:\/\/teste.bsb.br\/zeca\/wp-json\/wp\/v2\/media?parent=28770"}],"wp:term":[{"taxonomy":"category","embeddable":true,"href":"https:\/\/teste.bsb.br\/zeca\/wp-json\/wp\/v2\/categories?post=28770"},{"taxonomy":"post_tag","embeddable":true,"href":"https:\/\/teste.bsb.br\/zeca\/wp-json\/wp\/v2\/tags?post=28770"}],"curies":[{"name":"wp","href":"https:\/\/api.w.org\/{rel}","templated":true}]}}