{"id":28768,"date":"2011-08-21T00:00:00","date_gmt":"2011-08-21T03:00:00","guid":{"rendered":"https:\/\/www.zecadirceu.com.br\/prefeita-de-campina-da-lagoa-se-encanta-com-brasilia\/"},"modified":"2011-08-21T00:00:00","modified_gmt":"2011-08-21T03:00:00","slug":"prefeita-de-campina-da-lagoa-se-encanta-com-brasilia","status":"publish","type":"post","link":"https:\/\/teste.bsb.br\/zeca\/prefeita-de-campina-da-lagoa-se-encanta-com-brasilia\/","title":{"rendered":"Prefeita de Campina da Lagoa se encanta com Bras\u00edlia"},"content":{"rendered":"<p>&nbsp;Fortalecer as administra&ccedil;&otilde;es municipais esta foi a inten&ccedil;&atilde;o da caravana de prefeitos a Bras&iacute;lia. Segundo o deputado federal, Zeca Dirceu, &eacute; importante que os prefeitos adquiram conhecimentos de como obter recursos para seus munic&iacute;pios.&nbsp;<\/p>\n<div>A prefeita de Campina da Lagoa, C&eacute;lia Cabrera de Paula, ficou encantada e grata pela primeira oportunidade de ir a capital do pa&iacute;s. <\/p>\n<p>A reportagem foi realizada na ter&ccedil;a-feira, 17 de agosto, durante a visita dos prefeitos pelos Minist&eacute;rios da Comunica&ccedil;&atilde;o, das Cidades e do Esporte.<br \/>\nConfiram a reportagem no &iacute;cone abaixo.&nbsp;<\/div>\n","protected":false},"excerpt":{"rendered":"<p>Fortalecer as administra\u00e7\u00f5es municipais esta foi a inten\u00e7\u00e3o da caravana de prefeitos a Bras\u00edlia. Segundo o deputado federal, Zeca Dirceu, \u00e9 importante que os prefeitos adquiram conhecimentos de como obter recursos para seus munic\u00edpios.<br \/>\nA prefeita de Campina da Lagoa, C\u00e9lia Cabrera de Paula, ficou encantada e grata pela primeira oportunidade de ir a capital do pa\u00eds. Confiram a reportagem no \u00edcone abaixo.<\/p>\n","protected":false},"author":1,"featured_media":28767,"comment_status":"open","ping_status":"open","sticky":false,"template":"","format":"standard","meta":{"footnotes":""},"categories":[1],"tags":[513],"class_list":["post-28768","post","type-post","status-publish","format-standard","has-post-thumbnail","hentry","category-noticias-zeca-dirceu","tag-prefeito"],"_links":{"self":[{"href":"https:\/\/teste.bsb.br\/zeca\/wp-json\/wp\/v2\/posts\/28768","targetHints":{"allow":["GET"]}}],"collection":[{"href":"https:\/\/teste.bsb.br\/zeca\/wp-json\/wp\/v2\/posts"}],"about":[{"href":"https:\/\/teste.bsb.br\/zeca\/wp-json\/wp\/v2\/types\/post"}],"author":[{"embeddable":true,"href":"https:\/\/teste.bsb.br\/zeca\/wp-json\/wp\/v2\/users\/1"}],"replies":[{"embeddable":true,"href":"https:\/\/teste.bsb.br\/zeca\/wp-json\/wp\/v2\/comments?post=28768"}],"version-history":[{"count":0,"href":"https:\/\/teste.bsb.br\/zeca\/wp-json\/wp\/v2\/posts\/28768\/revisions"}],"wp:featuredmedia":[{"embeddable":true,"href":"https:\/\/teste.bsb.br\/zeca\/wp-json\/wp\/v2\/media\/28767"}],"wp:attachment":[{"href":"https:\/\/teste.bsb.br\/zeca\/wp-json\/wp\/v2\/media?parent=28768"}],"wp:term":[{"taxonomy":"category","embeddable":true,"href":"https:\/\/teste.bsb.br\/zeca\/wp-json\/wp\/v2\/categories?post=28768"},{"taxonomy":"post_tag","embeddable":true,"href":"https:\/\/teste.bsb.br\/zeca\/wp-json\/wp\/v2\/tags?post=28768"}],"curies":[{"name":"wp","href":"https:\/\/api.w.org\/{rel}","templated":true}]}}