{"id":28760,"date":"2011-08-21T00:00:00","date_gmt":"2011-08-21T03:00:00","guid":{"rendered":"https:\/\/www.zecadirceu.com.br\/visitas-estimularam-caravana-de-prefeitos-em-brasilia\/"},"modified":"2011-08-21T00:00:00","modified_gmt":"2011-08-21T03:00:00","slug":"visitas-estimularam-caravana-de-prefeitos-em-brasilia","status":"publish","type":"post","link":"https:\/\/teste.bsb.br\/zeca\/visitas-estimularam-caravana-de-prefeitos-em-brasilia\/","title":{"rendered":"Visitas estimularam caravana de prefeitos em Bras\u00edlia"},"content":{"rendered":"<div>O deputado Zeca Dirceu falou da sua satisfa&ccedil;&atilde;o sobre a caravana dos prefeitos paranaense,em Bras&iacute;lia. O evento reuniu, at&eacute; o fim das agendas, mais de 60 prefeitos. &nbsp;O deputado, tamb&eacute;m, explicou que o evento surgiu durantes suas visitas nos munic&iacute;pios do estado.<\/div>\n<div>Al&eacute;m dos prefeitos, Zeca Dirceu contou com a presen&ccedil;a e o apoio do deputado estadual Elton Welter. &quot;O deputado Zeca Dirceu est&aacute; bem atuante, as lideran&ccedil;as que o ajudaram est&atilde;o muito orgulhosas&quot;, destacou Welter.<\/div>\n<div>Acompanhem a reportagem completa no &iacute;cone abaixo.<\/div>\n","protected":false},"excerpt":{"rendered":"<p>O deputado Zeca Dirceu falou da sua satisfa\u00e7\u00e3o sobre a caravana dos prefeitos paranaense,em Bras\u00edlia. O evento reuniu, at\u00e9 o fim das agendas, mais de 60 prefeitos.  O deputado, tamb\u00e9m, explicou que o evento surgiu durantes suas visitas nos munic\u00edpios do estado.<br \/>\nAl\u00e9m dos prefeitos, Zeca Dirceu contou com a presen\u00e7a e o apoio do deputado estadual Elton Welter. &#8220;O deputado Zeca Dirceu est\u00e1 bem atuante, as lideran\u00e7as que o ajudaram est\u00e3o muito orgulhosas&#8221;, destacou Welter.<br \/>\nAcompanhem a reportagem completa no \u00edcone abaixo.<\/p>\n","protected":false},"author":1,"featured_media":28759,"comment_status":"open","ping_status":"open","sticky":false,"template":"","format":"standard","meta":{"footnotes":""},"categories":[1],"tags":[6837],"class_list":["post-28760","post","type-post","status-publish","format-standard","has-post-thumbnail","hentry","category-noticias-zeca-dirceu","tag-caravana-prefeitos"],"_links":{"self":[{"href":"https:\/\/teste.bsb.br\/zeca\/wp-json\/wp\/v2\/posts\/28760","targetHints":{"allow":["GET"]}}],"collection":[{"href":"https:\/\/teste.bsb.br\/zeca\/wp-json\/wp\/v2\/posts"}],"about":[{"href":"https:\/\/teste.bsb.br\/zeca\/wp-json\/wp\/v2\/types\/post"}],"author":[{"embeddable":true,"href":"https:\/\/teste.bsb.br\/zeca\/wp-json\/wp\/v2\/users\/1"}],"replies":[{"embeddable":true,"href":"https:\/\/teste.bsb.br\/zeca\/wp-json\/wp\/v2\/comments?post=28760"}],"version-history":[{"count":0,"href":"https:\/\/teste.bsb.br\/zeca\/wp-json\/wp\/v2\/posts\/28760\/revisions"}],"wp:featuredmedia":[{"embeddable":true,"href":"https:\/\/teste.bsb.br\/zeca\/wp-json\/wp\/v2\/media\/28759"}],"wp:attachment":[{"href":"https:\/\/teste.bsb.br\/zeca\/wp-json\/wp\/v2\/media?parent=28760"}],"wp:term":[{"taxonomy":"category","embeddable":true,"href":"https:\/\/teste.bsb.br\/zeca\/wp-json\/wp\/v2\/categories?post=28760"},{"taxonomy":"post_tag","embeddable":true,"href":"https:\/\/teste.bsb.br\/zeca\/wp-json\/wp\/v2\/tags?post=28760"}],"curies":[{"name":"wp","href":"https:\/\/api.w.org\/{rel}","templated":true}]}}