{"id":28748,"date":"2011-08-21T00:00:00","date_gmt":"2011-08-21T03:00:00","guid":{"rendered":"https:\/\/www.zecadirceu.com.br\/cruzeiro-do-sul-santa-ines-e-pinhalao-mais-tres-municipios-em-brasilia-2\/"},"modified":"2011-08-21T00:00:00","modified_gmt":"2011-08-21T03:00:00","slug":"cruzeiro-do-sul-santa-ines-e-pinhalao-mais-tres-municipios-em-brasilia-2","status":"publish","type":"post","link":"https:\/\/teste.bsb.br\/zeca\/cruzeiro-do-sul-santa-ines-e-pinhalao-mais-tres-municipios-em-brasilia-2\/","title":{"rendered":"Cruzeiro do Sul, Santa In\u00eas e Pinhal\u00e3o mais tr\u00eas munic\u00edpios em Bras\u00edlia"},"content":{"rendered":"<p>&nbsp;A caravana de prefeitos, idealizada pelo deputado federal Zeca Dirceu, procurou aproximar os munic&iacute;pios do Governo Federal.<\/p>\n<p class=\"MsoNormal\"><o:p>&nbsp;<\/o:p>&quot;Muitas d&uacute;vidas foram esclarecidas&quot;,ressaltou o prefeito de Cruzeiro do Sul, Ailton Buso. J&aacute; para os prefeito de Santa In&ecirc;s, Clodoaldo Alves, e Claudinei Benetti, de Pinhal&atilde;o, a primeira oportunidade de conhecer de perto os projetos e processos dos Programas Federal. Acompanhe a reportagem na &iacute;ntegra no &iacute;cone abaixo.<\/p>\n","protected":false},"excerpt":{"rendered":"<p>A caravana de prefeitos, idealizada pelo deputado federal Zeca Dirceu, procurou aproximar os munic\u00edpios do Governo Federal.<\/p>\n<p>&#8220;Muitas d\u00favidas foram esclarecidas&#8221;,ressaltou o prefeito de Cruzeiro do Sul, Ailton Buso. J\u00e1 para os prefeito de Santa In\u00eas, Clodoaldo Alves, e Claudinei Benetti, de Pinhal\u00e3o, a primeira oportunidade de conhecer de perto os projetos e processos dos Programas Federal. Acompanhe a reportagem na \u00edntegra no \u00edcone abaixo.<\/p>\n","protected":false},"author":1,"featured_media":28747,"comment_status":"open","ping_status":"open","sticky":false,"template":"","format":"standard","meta":{"footnotes":""},"categories":[1],"tags":[513],"class_list":["post-28748","post","type-post","status-publish","format-standard","has-post-thumbnail","hentry","category-noticias-zeca-dirceu","tag-prefeito"],"_links":{"self":[{"href":"https:\/\/teste.bsb.br\/zeca\/wp-json\/wp\/v2\/posts\/28748","targetHints":{"allow":["GET"]}}],"collection":[{"href":"https:\/\/teste.bsb.br\/zeca\/wp-json\/wp\/v2\/posts"}],"about":[{"href":"https:\/\/teste.bsb.br\/zeca\/wp-json\/wp\/v2\/types\/post"}],"author":[{"embeddable":true,"href":"https:\/\/teste.bsb.br\/zeca\/wp-json\/wp\/v2\/users\/1"}],"replies":[{"embeddable":true,"href":"https:\/\/teste.bsb.br\/zeca\/wp-json\/wp\/v2\/comments?post=28748"}],"version-history":[{"count":0,"href":"https:\/\/teste.bsb.br\/zeca\/wp-json\/wp\/v2\/posts\/28748\/revisions"}],"wp:featuredmedia":[{"embeddable":true,"href":"https:\/\/teste.bsb.br\/zeca\/wp-json\/wp\/v2\/media\/28747"}],"wp:attachment":[{"href":"https:\/\/teste.bsb.br\/zeca\/wp-json\/wp\/v2\/media?parent=28748"}],"wp:term":[{"taxonomy":"category","embeddable":true,"href":"https:\/\/teste.bsb.br\/zeca\/wp-json\/wp\/v2\/categories?post=28748"},{"taxonomy":"post_tag","embeddable":true,"href":"https:\/\/teste.bsb.br\/zeca\/wp-json\/wp\/v2\/tags?post=28748"}],"curies":[{"name":"wp","href":"https:\/\/api.w.org\/{rel}","templated":true}]}}