{"id":28716,"date":"2011-08-23T00:00:00","date_gmt":"2011-08-23T03:00:00","guid":{"rendered":"https:\/\/www.zecadirceu.com.br\/alto-paraiso-e-santo-antonio-do-sudoeste-participaram-da-caravana-em-brasilia\/"},"modified":"2011-08-23T00:00:00","modified_gmt":"2011-08-23T03:00:00","slug":"alto-paraiso-e-santo-antonio-do-sudoeste-participaram-da-caravana-em-brasilia","status":"publish","type":"post","link":"https:\/\/teste.bsb.br\/zeca\/alto-paraiso-e-santo-antonio-do-sudoeste-participaram-da-caravana-em-brasilia\/","title":{"rendered":"Alto Para\u00edso e Santo Ant\u00f4nio do Sudoeste participaram da caravana em Bras\u00edlia"},"content":{"rendered":"<p>&nbsp;A caravana de prefeitos em Bras&iacute;lia, iniciativa do deputado federal Zeca Dirceu, reuniu mais de 60 prefeitos em tr&ecirc;s dias de audi&ecirc;ncias, em nove minist&eacute;rios. A inten&ccedil;&atilde;o foi aproximar Governo Federal e munic&iacute;pio.<\/p>\n<div>Entre os munic&iacute;pios presentes Alto Para&iacute;so, representada pela prefeita Maria Aparecida, &nbsp;e Santo Ant&ocirc;nio do Sudoeste, com a presen&ccedil;a do prefeito Ricardo Ortina. Foi a primeira vez que os dois prefeiros estiveram na capital do pa&iacute;s. Ou&ccedil;am a reportagem completa no &iacute;cone abaixo.<\/div>\n","protected":false},"excerpt":{"rendered":"<p>A caravana de prefeitos em Bras\u00edlia, iniciativa do deputado federal Zeca Dirceu, reuniu mais de 60 prefeitos em tr\u00eas dias de audi\u00eancias, em nove minist\u00e9rios. A inten\u00e7\u00e3o foi aproximar Governo Federal e munic\u00edpio.<br \/>\nEntre os munic\u00edpios presentes Alto Para\u00edso, com a prefeita Maria Aparecida,  e Santo Ant\u00f4nio do Sudoeste, com a presen\u00e7a do prefeito Ricardo Ortina.Foi a primeira vez que os dois prefeiros estiveram na capital do pa\u00eds. Ou\u00e7am a reportagem completa no \u00edcone abaixo.<\/p>\n","protected":false},"author":1,"featured_media":28715,"comment_status":"open","ping_status":"open","sticky":false,"template":"","format":"standard","meta":{"footnotes":""},"categories":[1],"tags":[69],"class_list":["post-28716","post","type-post","status-publish","format-standard","has-post-thumbnail","hentry","category-noticias-zeca-dirceu","tag-prefeitos"],"_links":{"self":[{"href":"https:\/\/teste.bsb.br\/zeca\/wp-json\/wp\/v2\/posts\/28716","targetHints":{"allow":["GET"]}}],"collection":[{"href":"https:\/\/teste.bsb.br\/zeca\/wp-json\/wp\/v2\/posts"}],"about":[{"href":"https:\/\/teste.bsb.br\/zeca\/wp-json\/wp\/v2\/types\/post"}],"author":[{"embeddable":true,"href":"https:\/\/teste.bsb.br\/zeca\/wp-json\/wp\/v2\/users\/1"}],"replies":[{"embeddable":true,"href":"https:\/\/teste.bsb.br\/zeca\/wp-json\/wp\/v2\/comments?post=28716"}],"version-history":[{"count":0,"href":"https:\/\/teste.bsb.br\/zeca\/wp-json\/wp\/v2\/posts\/28716\/revisions"}],"wp:featuredmedia":[{"embeddable":true,"href":"https:\/\/teste.bsb.br\/zeca\/wp-json\/wp\/v2\/media\/28715"}],"wp:attachment":[{"href":"https:\/\/teste.bsb.br\/zeca\/wp-json\/wp\/v2\/media?parent=28716"}],"wp:term":[{"taxonomy":"category","embeddable":true,"href":"https:\/\/teste.bsb.br\/zeca\/wp-json\/wp\/v2\/categories?post=28716"},{"taxonomy":"post_tag","embeddable":true,"href":"https:\/\/teste.bsb.br\/zeca\/wp-json\/wp\/v2\/tags?post=28716"}],"curies":[{"name":"wp","href":"https:\/\/api.w.org\/{rel}","templated":true}]}}