{"id":28710,"date":"2011-08-23T00:00:00","date_gmt":"2011-08-23T03:00:00","guid":{"rendered":"https:\/\/www.zecadirceu.com.br\/cruzeiro-do-oeste-comemora-59-anos-2\/"},"modified":"2011-08-23T00:00:00","modified_gmt":"2011-08-23T03:00:00","slug":"cruzeiro-do-oeste-comemora-59-anos-2","status":"publish","type":"post","link":"https:\/\/teste.bsb.br\/zeca\/cruzeiro-do-oeste-comemora-59-anos-2\/","title":{"rendered":"Cruzeiro do Oeste Comemora 59 Anos"},"content":{"rendered":"<p>&nbsp;<span class=\"Apple-style-span\" style=\"color: rgb(83, 81, 81); font-family: Arial, Helvetica, sans-serif; line-height: 18px; \">Eu tenho orgulho em administrar Cruzeiro do Oeste. Foi com esta frase que o prefeito&nbsp;<span data-scayt_word=\"Valter\" data-scaytid=\"1\">Valter<\/span>&nbsp;Pereira da Rocha, o&nbsp;<span data-scayt_word=\"Valtinho\" data-scaytid=\"2\">Valtinho<\/span>, definiu o seu entusiasmo com o momento pelo qual passa o munic&iacute;pio, que em pouco mais de seis anos conseguiu sair de uma situa&ccedil;&atilde;o ca&oacute;tica e de abandono para se tornar um modelo em a&ccedil;&otilde;es inovadoras desenvolvidas em v&aacute;rios setores, com destaque para a gera&ccedil;&atilde;o de empregos e renda.<br \/>\n&nbsp;<br \/>\nDesde o dia 6 de agosto, a popula&ccedil;&atilde;o e as lideran&ccedil;as de Cruzeiro do Oeste est&atilde;o envolvidas numa extensa programa&ccedil;&atilde;o que comemora os 59 anos de&nbsp;<span data-scayt_word=\"emancipa&ccedil;&atilde;o\" data-scaytid=\"6\">emancipa&ccedil;&atilde;o<\/span>&nbsp;pol&iacute;tica-administrativa do munic&iacute;pio. Durante essas duas semanas,&nbsp;<span data-scayt_word=\"Valtinho\" data-scaytid=\"3\">Valtinho<\/span>&nbsp;j&aacute; entregou &agrave; popula&ccedil;&atilde;o mais quatro Academias da Terceira Idade (ATI), constru&iacute;das ao ar livre, e um n&uacute;cleo de esportes que vai incentivar a garotada a praticar futebol. Tamb&eacute;m j&aacute; aconteceram a 3&ordf; Mostra Art&iacute;stica do Centro de Refer&ecirc;ncia da Juventude, a IV Corrida R&uacute;stica&nbsp;<span data-scayt_word=\"Vanderlei\" data-scaytid=\"7\">Vanderlei<\/span>&nbsp;Cordeiro de Lima, entrega de certificados de curso profissionalizante e a 3&ordf; Etapa do Circuito Regional de Xadrez Escolar, entre outras atividades.<br \/>\n&nbsp;<br \/>\nA programa&ccedil;&atilde;o &eacute; extensa. Vai at&eacute; o dia 16 de setembro. Para hoje ,23, est&aacute; programada a inaugura&ccedil;&atilde;o da sede pr&oacute;pria da&nbsp;<span data-scayt_word=\"UAB\" data-scaytid=\"8\">UAB<\/span>&nbsp;(Universidade Aberta do Brasil). A&nbsp;<span data-scayt_word=\"UAB\" data-scaytid=\"9\">UAB<\/span>&nbsp;oferece diversos cursos de gradua&ccedil;&atilde;o e p&oacute;s-gradua&ccedil;&atilde;o, bem como de n&iacute;vel t&eacute;cnico, e atende centenas de estudantes de Cruzeiro do Oeste e outros munic&iacute;pios da regi&atilde;o, gratuitamente. &Eacute; uma das grandes conquistas do munic&iacute;pio nos &uacute;ltimos anos. &ldquo;Agora, com a sede pr&oacute;pria, ficar&aacute; ainda melhor&rdquo;, comemora o prefeito.<br \/>\n&nbsp;<br \/>\n<span style=\"color: rgb(165, 42, 42); \"><strong>FESTA DAS NA&Ccedil;&Otilde;ES E&nbsp;<span data-scayt_word=\"SHOWS\" data-scaytid=\"10\">SHOWS<\/span><\/strong><\/span><br \/>\nNo per&iacute;odo de 24 a 28 de agosto, portanto, a partir da pr&oacute;xima quarta-feira, a popula&ccedil;&atilde;o de Cruzeiro do Oeste e cidades vizinhas poder&atilde;o participar da XXI Festa das Na&ccedil;&otilde;es e da 1&ordf;&nbsp;<span data-scayt_word=\"Expofrutas\" data-scaytid=\"11\">Expofrutas<\/span>&nbsp;de Cruzeiro do Oeste no Centro de Eventos Jaime<span data-scayt_word=\"Cannet\" data-scaytid=\"12\">Cannet<\/span>&nbsp;Jr. J&aacute; na quarta-feira haver&aacute;&nbsp;<span data-scayt_word=\"show\" data-scaytid=\"14\">show<\/span>&nbsp;com a Banda Brasil 2000. Na quinta quem se apresentar&aacute; &eacute; a dupla Ricardo e Jo&atilde;o Fernando e no dia 26 (sexta-feira) o&nbsp;<span data-scayt_word=\"show\" data-scaytid=\"15\">show<\/span>&nbsp;mais esperado: C&eacute;sar e Paulinho. A programa&ccedil;&atilde;o art&iacute;stica encerra-se no domingo com a dupla Tato e Ed Reis. Todos os dias a entrada ser&aacute; gratuita.<br \/>\nAinda durante a semana haver&aacute; o desfile&nbsp;<span data-scayt_word=\"c&iacute;vico\" data-scaytid=\"16\">c&iacute;vico<\/span>&nbsp;no dia 26 (feriado municipal) a partir das&nbsp;<span data-scayt_word=\"8h\" data-scaytid=\"17\">8h<\/span>&nbsp;e inaugura&ccedil;&atilde;o da quadra da<span data-scayt_word=\"APAE\" data-scaytid=\"18\">APAE<\/span>&nbsp;a partir das&nbsp;<span data-scayt_word=\"11h\" data-scaytid=\"19\">11h<\/span>; dias 27 o encontro sobre diversifica&ccedil;&atilde;o rural no Centro de Eventos Jaime&nbsp;<span data-scayt_word=\"Cannet\" data-scaytid=\"13\">Cannet<\/span>&nbsp;Jr e no dia 28 (domingo), a partir das&nbsp;<span data-scayt_word=\"9h\" data-scaytid=\"20\">9h<\/span>, a 1&ordf; Etapa de Velocidade na Terra tamb&eacute;m no Centro de Eventos.<br \/>\nNa semana seguinte, j&aacute; na segunda-feira (29),&nbsp;<span data-scayt_word=\"Valtinho\" data-scaytid=\"4\">Valtinho<\/span>&nbsp;inaugura a Unidade B&aacute;sica de Sa&uacute;de do distrito de S&atilde;o silvestre e no dia 30 entrega a reforma do Centro Cultural Cesar de Souza Rego, mesmo local em que no dia 1&ordm; de setembro haver&aacute; a entrega do t&iacute;tulo de cidad&atilde;o honor&aacute;rio ao presidente do Tribunal de Justi&ccedil;a do Paran&aacute;, desembargador Miguel&nbsp;<span data-scayt_word=\"Kfouri\" data-scaytid=\"21\">Kfouri<\/span>&nbsp;Neto. A festa dos 59 anos ter&aacute; ainda no dia 3 de setembro o 5&ordm; festival Regional de M&uacute;sica&nbsp;<span data-scayt_word=\"Sertaneja\" data-scaytid=\"22\">Sertaneja<\/span>&nbsp;e no dia 16 a abertura dos Jogos Escolares. &ldquo;Queremos que a popula&ccedil;&atilde;o participe e comemore conosco, porque &eacute; uma festa que vale &agrave; pena&rdquo;, comentou&nbsp;<span data-scayt_word=\"Valtinho\" data-scaytid=\"5\">Valtinho<\/span>.<\/span><\/p>\n","protected":false},"excerpt":{"rendered":"<p>Eu tenho orgulho em administrar Cruzeiro do Oeste. Foi com esta frase que o prefeito Valter Pereira da Rocha, o Valtinho, definiu o seu entusiasmo com o momento pelo qual passa o munic\u00edpio, que em pouco mais de seis anos conseguiu sair de uma situa\u00e7\u00e3o ca\u00f3tica e de abandono para se tornar um modelo em a\u00e7\u00f5es inovadoras desenvolvidas em v\u00e1rios setores, com destaque para a gera\u00e7\u00e3o de empregos e renda.<\/p>\n","protected":false},"author":1,"featured_media":28709,"comment_status":"open","ping_status":"open","sticky":false,"template":"","format":"standard","meta":{"footnotes":""},"categories":[1],"tags":[227],"class_list":["post-28710","post","type-post","status-publish","format-standard","has-post-thumbnail","hentry","category-noticias-zeca-dirceu","tag-cruzeiro-do-oeste"],"_links":{"self":[{"href":"https:\/\/teste.bsb.br\/zeca\/wp-json\/wp\/v2\/posts\/28710","targetHints":{"allow":["GET"]}}],"collection":[{"href":"https:\/\/teste.bsb.br\/zeca\/wp-json\/wp\/v2\/posts"}],"about":[{"href":"https:\/\/teste.bsb.br\/zeca\/wp-json\/wp\/v2\/types\/post"}],"author":[{"embeddable":true,"href":"https:\/\/teste.bsb.br\/zeca\/wp-json\/wp\/v2\/users\/1"}],"replies":[{"embeddable":true,"href":"https:\/\/teste.bsb.br\/zeca\/wp-json\/wp\/v2\/comments?post=28710"}],"version-history":[{"count":0,"href":"https:\/\/teste.bsb.br\/zeca\/wp-json\/wp\/v2\/posts\/28710\/revisions"}],"wp:featuredmedia":[{"embeddable":true,"href":"https:\/\/teste.bsb.br\/zeca\/wp-json\/wp\/v2\/media\/28709"}],"wp:attachment":[{"href":"https:\/\/teste.bsb.br\/zeca\/wp-json\/wp\/v2\/media?parent=28710"}],"wp:term":[{"taxonomy":"category","embeddable":true,"href":"https:\/\/teste.bsb.br\/zeca\/wp-json\/wp\/v2\/categories?post=28710"},{"taxonomy":"post_tag","embeddable":true,"href":"https:\/\/teste.bsb.br\/zeca\/wp-json\/wp\/v2\/tags?post=28710"}],"curies":[{"name":"wp","href":"https:\/\/api.w.org\/{rel}","templated":true}]}}