{"id":28704,"date":"2011-08-23T00:00:00","date_gmt":"2011-08-23T03:00:00","guid":{"rendered":"https:\/\/www.zecadirceu.com.br\/novo-ministro-da-agricultura-toma-posse\/"},"modified":"2011-08-23T00:00:00","modified_gmt":"2011-08-23T03:00:00","slug":"novo-ministro-da-agricultura-toma-posse","status":"publish","type":"post","link":"https:\/\/teste.bsb.br\/zeca\/novo-ministro-da-agricultura-toma-posse\/","title":{"rendered":"Novo ministro da agricultura toma posse"},"content":{"rendered":"<p class=\"MsoNormal\">Bras&iacute;lia &#8211; Aumentar os recursos para o programa de garantia do pre&ccedil;o m&iacute;nimo, para a amplia&ccedil;&atilde;o do seguro agr&iacute;cola e para a defesa sanit&aacute;ria ser&aacute; a prioridade do novo ministro da Agricultura, Mendes Ribeiro Filho, que tomou posse hoje (23). Durante a cerim&ocirc;nia, Mendes disse estar &agrave; altura do desafio de comandar um dos setores mais importantes do pa&iacute;s e repetiu que ir&aacute; ouvir mais do que falar.<o:p><\/o:p><\/p>\n<p class=\"MsoNormal\">O novo ministro afirmou que assume o cargo de Ministro da Agricultura tendo a consci&ecirc;ncia de que &ldquo;o sucesso da agricultura brasileira vem de longe e de muitos&rdquo;. &ldquo;Sendo assim, assumo com humildade a continuidade de pol&iacute;ticas que ao longo dos &uacute;ltimos anos vem construindo um caso de sucesso&rdquo;, discursou Mendes.<o:p><\/o:p><\/p>\n<p class=\"MsoNormal\">Natural de Porto Alegre (RS), o advogado Jorge Alberto Portanova Mendes Ribeiro Filho tem 57 anos e &eacute; deputado federal pelo PMDB ga&uacute;cho pela quinta legislatura. Desde 1&ordm; de julho, exercia a fun&ccedil;&atilde;o de l&iacute;der do governo no Congresso.<o:p><\/o:p><\/p>\n<p class=\"MsoNormal\">Mendes prometeu lutar por mais recursos para a agricultura e para garantir a renda do produtor. &ldquo;Esse &eacute; um dos meus maiores desafios&rdquo;.<o:p><\/o:p><\/p>\n<p class=\"MsoNormal\">No discurso de despedida, o ex-ministro da Agricultura Wagner Rossi disse que &ldquo;em nenhum momento&rdquo; lhe faltou apoio por parte da presidenta Dilma Rousseff. Rossi, que deixou o cargo ap&oacute;s a divulga&ccedil;&atilde;o de que usou um jatinho de uma empresa com contratos com o minist&eacute;rio, ressaltou a import&acirc;ncia do agroneg&oacute;cio para o pa&iacute;s e ainda fez elogios ao vice-presidente, Michel Temer, respons&aacute;vel por sua indica&ccedil;&atilde;o o cargo, e ao ex-presidente Luiz In&aacute;cio Lula da Silva.<o:p><\/o:p><\/p>\n<p class=\"MsoNormal\">&ldquo;Quero expressar um agradecimento verdadeiro. A presidenta foi extraordin&aacute;ria na condi&ccedil;&atilde;o dessa minha substitui&ccedil;&atilde;o porque n&atilde;o me faltou, em nenhum momento, apoio, apre&ccedil;o e generosidade&rdquo;, discursou Rossi.<o:p><\/o:p><\/p>\n<p class=\"MsoNormal\">O ex-ministro, que antes de deixar o cargo teve que responder a den&uacute;ncias de corrup&ccedil;&atilde;o no minist&eacute;rio e na Companhia Nacional de Abastecimento (Conab), disse o Brasil precisa reconhecer a import&acirc;ncia da agricultura para a economia do pa&iacute;s. &ldquo;Se h&aacute; um setor que o Brasil deve muito &eacute; o setor agropecu&aacute;rio&rdquo;.<o:p><\/o:p><\/p>\n<p class=\"MsoNormal\">Para seu sucessor, Rossi desejou sorte e disse acreditar que ele ter&aacute; o mesmo apoio que teve &ldquo;do Congresso e do agroneg&oacute;cio&rdquo;.<\/p>\n<p class=\"MsoNormal\">Ivan Richard, da Ag&ecirc;ncia Brasil<\/p>\n","protected":false},"excerpt":{"rendered":"<p>Bras\u00edlia &#8211; Aumentar os recursos para o programa de garantia do pre\u00e7o m\u00ednimo, para a amplia\u00e7\u00e3o do seguro agr\u00edcola e para a defesa sanit\u00e1ria ser\u00e1 a prioridade do novo ministro da Agricultura, Mendes Ribeiro Filho, que tomou posse hoje (23). Durante a cerim\u00f4nia, Mendes disse estar \u00e0 altura do desafio de comandar um dos setores mais importantes do pa\u00eds e repetiu que ir\u00e1 ouvir mais do que falar.<\/p>\n<p>O novo ministro afirmou que assume o cargo de Ministro da Agricultura tendo a consci\u00eancia de que \u201co sucesso da agricultura brasileira vem de longe e de muitos\u201d. \u201cSendo assim, assumo com humildade a continuidade de pol\u00edticas que ao longo dos \u00faltimos anos vem construindo um caso de sucesso\u201d, discursou Mendes.<br \/>\nAg\u00eancia Brasil<\/p>\n","protected":false},"author":1,"featured_media":28703,"comment_status":"open","ping_status":"open","sticky":false,"template":"","format":"standard","meta":{"footnotes":""},"categories":[1],"tags":[6832],"class_list":["post-28704","post","type-post","status-publish","format-standard","has-post-thumbnail","hentry","category-noticias-zeca-dirceu","tag-posse-ministro-agricultura"],"_links":{"self":[{"href":"https:\/\/teste.bsb.br\/zeca\/wp-json\/wp\/v2\/posts\/28704","targetHints":{"allow":["GET"]}}],"collection":[{"href":"https:\/\/teste.bsb.br\/zeca\/wp-json\/wp\/v2\/posts"}],"about":[{"href":"https:\/\/teste.bsb.br\/zeca\/wp-json\/wp\/v2\/types\/post"}],"author":[{"embeddable":true,"href":"https:\/\/teste.bsb.br\/zeca\/wp-json\/wp\/v2\/users\/1"}],"replies":[{"embeddable":true,"href":"https:\/\/teste.bsb.br\/zeca\/wp-json\/wp\/v2\/comments?post=28704"}],"version-history":[{"count":0,"href":"https:\/\/teste.bsb.br\/zeca\/wp-json\/wp\/v2\/posts\/28704\/revisions"}],"wp:featuredmedia":[{"embeddable":true,"href":"https:\/\/teste.bsb.br\/zeca\/wp-json\/wp\/v2\/media\/28703"}],"wp:attachment":[{"href":"https:\/\/teste.bsb.br\/zeca\/wp-json\/wp\/v2\/media?parent=28704"}],"wp:term":[{"taxonomy":"category","embeddable":true,"href":"https:\/\/teste.bsb.br\/zeca\/wp-json\/wp\/v2\/categories?post=28704"},{"taxonomy":"post_tag","embeddable":true,"href":"https:\/\/teste.bsb.br\/zeca\/wp-json\/wp\/v2\/tags?post=28704"}],"curies":[{"name":"wp","href":"https:\/\/api.w.org\/{rel}","templated":true}]}}