{"id":28698,"date":"2011-08-23T00:00:00","date_gmt":"2011-08-23T03:00:00","guid":{"rendered":"https:\/\/www.zecadirceu.com.br\/parana-tera-mais-uma-aeronave-para-operacao-policiais-e-de-resgate\/"},"modified":"2011-08-23T00:00:00","modified_gmt":"2011-08-23T03:00:00","slug":"parana-tera-mais-uma-aeronave-para-operacao-policiais-e-de-resgate","status":"publish","type":"post","link":"https:\/\/teste.bsb.br\/zeca\/parana-tera-mais-uma-aeronave-para-operacao-policiais-e-de-resgate\/","title":{"rendered":"Paran\u00e1 ter\u00e1 mais uma aeronave para opera\u00e7\u00e3o policiais e de resgate"},"content":{"rendered":"<p>&nbsp;<span class=\"Apple-style-span\" style=\"color: rgb(51, 51, 51); font-family: Georgia, 'Times New Roman', Times, serif; font-size: 13px; line-height: 15px; \"><span class=\"Apple-style-span\" style=\"line-height: 21px; \">O Paran&aacute; passa a ter mais uma aeronave para ajudar no combate &agrave; viol&ecirc;ncia e no socorro a v&iacute;timas de desastres naturais. A m&aacute;quina &eacute; a primeira no Brasil fabricada e montada especificamente para a&ccedil;&otilde;es de resgate e miss&otilde;es policiais. De acordo com o secret&aacute;rio estadual da Seguran&ccedil;a P&uacute;blica, Reinaldo de Almeida Cesar, o helic&oacute;ptero ser&aacute; usado em uma das cinco bases operacionais para a&ccedil;&otilde;es de socorro, resgate, pol&iacute;cia e fiscaliza&ccedil;&atilde;o anunciadas pelo governador Beto Richa durante o lan&ccedil;amento do programa Paran&aacute; Seguro, que tra&ccedil;a diretrizes para melhorar a seguran&ccedil;a dos paranaenses.<\/span><\/p>\n<p style=\"margin-top: 0.835em; margin-right: 0px; margin-bottom: 0.835em; margin-left: 0px; padding-top: 0px; padding-right: 0px; padding-bottom: 0px; padding-left: 0px; line-height: 21px; \">Modelo EC130, o helic&oacute;ptero foi fabricado pela empresa brasileira Helibras e est&aacute; exposto na 11&ordf; Feira Internacional de Tecnologia e Produtos para Seguran&ccedil;a P&uacute;blica, no Rio de Janeiro, e chegar&aacute; ao Paran&aacute; nos pr&oacute;ximos dias.<\/p>\n<p>Fonte:<a href=\"http:\/\/www.fabiocampana.com.br\/2011\/08\/parana-tera-mais-uma-aeronave-para-operacao-policiais-e-de-resgate\/\">http:\/\/www.fabiocampana.com.br\/2011\/08\/parana-tera-mais-uma-aeronave-para-operacao-policiais-e-de-resgate\/<\/a><\/p>\n<p><\/span><\/p>\n","protected":false},"excerpt":{"rendered":"<p>O Paran\u00e1 passa a ter mais uma aeronave para ajudar no combate \u00e0 viol\u00eancia e no socorro a v\u00edtimas de desastres naturais. A m\u00e1quina \u00e9 a primeira no Brasil fabricada e montada especificamente para a\u00e7\u00f5es de resgate e miss\u00f5es policiais.<br \/>\nModelo EC130, o helic\u00f3ptero foi fabricado pela empresa brasileira Helibras e est\u00e1 exposto na 11\u00aa Feira Internacional de Tecnologia e Produtos para Seguran\u00e7a P\u00fablica, no Rio de Janeiro, e chegar\u00e1 ao Paran\u00e1 nos pr\u00f3ximos dias.<\/p>\n","protected":false},"author":1,"featured_media":28697,"comment_status":"open","ping_status":"open","sticky":false,"template":"","format":"standard","meta":{"footnotes":""},"categories":[1],"tags":[86],"class_list":["post-28698","post","type-post","status-publish","format-standard","has-post-thumbnail","hentry","category-noticias-zeca-dirceu","tag-parana"],"_links":{"self":[{"href":"https:\/\/teste.bsb.br\/zeca\/wp-json\/wp\/v2\/posts\/28698","targetHints":{"allow":["GET"]}}],"collection":[{"href":"https:\/\/teste.bsb.br\/zeca\/wp-json\/wp\/v2\/posts"}],"about":[{"href":"https:\/\/teste.bsb.br\/zeca\/wp-json\/wp\/v2\/types\/post"}],"author":[{"embeddable":true,"href":"https:\/\/teste.bsb.br\/zeca\/wp-json\/wp\/v2\/users\/1"}],"replies":[{"embeddable":true,"href":"https:\/\/teste.bsb.br\/zeca\/wp-json\/wp\/v2\/comments?post=28698"}],"version-history":[{"count":0,"href":"https:\/\/teste.bsb.br\/zeca\/wp-json\/wp\/v2\/posts\/28698\/revisions"}],"wp:featuredmedia":[{"embeddable":true,"href":"https:\/\/teste.bsb.br\/zeca\/wp-json\/wp\/v2\/media\/28697"}],"wp:attachment":[{"href":"https:\/\/teste.bsb.br\/zeca\/wp-json\/wp\/v2\/media?parent=28698"}],"wp:term":[{"taxonomy":"category","embeddable":true,"href":"https:\/\/teste.bsb.br\/zeca\/wp-json\/wp\/v2\/categories?post=28698"},{"taxonomy":"post_tag","embeddable":true,"href":"https:\/\/teste.bsb.br\/zeca\/wp-json\/wp\/v2\/tags?post=28698"}],"curies":[{"name":"wp","href":"https:\/\/api.w.org\/{rel}","templated":true}]}}