{"id":28694,"date":"2011-08-24T00:00:00","date_gmt":"2011-08-24T03:00:00","guid":{"rendered":"https:\/\/www.zecadirceu.com.br\/governo-anuncia-que-obras-serao-pagas-ate-setembro\/"},"modified":"2011-08-24T00:00:00","modified_gmt":"2011-08-24T03:00:00","slug":"governo-anuncia-que-obras-serao-pagas-ate-setembro","status":"publish","type":"post","link":"https:\/\/teste.bsb.br\/zeca\/governo-anuncia-que-obras-serao-pagas-ate-setembro\/","title":{"rendered":"Governo anuncia que obras ser\u00e3o pagas at\u00e9 setembro"},"content":{"rendered":"<p>&nbsp;Os deputados do PT, na C&acirc;mara Federal, tiveram a oportunidade de conhecer os resultados dos Programas de Acelera&ccedil;&atilde;o do Crescimento (PAC). Os projetos foram discutidos, na reuni&atilde;o da bancada petista, em Bras&iacute;lia. Estiveram presentes a ministra do Planejamento, Or&ccedil;amento e Gest&atilde;o, Miriam Belchior e a ministra da casa civil Gleisi Hoffmann.<\/p>\n<p class=\"MsoNormal\">O deputado federal Zeca Dirceu fez uma avalia&ccedil;&atilde;o do encontro. <span>&nbsp;<\/span>Se referindo ao ritmo de pagamento das obras do Governo o deputado explicou que nesse momento o Governo Federal anuncia que vai, at&eacute; o fim de setembro, honrar com as contas. E destacou os principais temas abordados. Confira na reportagem completa no &iacute;cone abaixo.&nbsp;<\/p>\n","protected":false},"excerpt":{"rendered":"<p>Os deputados do PT, na C\u00e2mara Federal, tiveram a oportunidade de conhecer os resultados dos Programas de Acelera\u00e7\u00e3o do Crescimento (PAC). Os projetos foram discutidos, na reuni\u00e3o da bancada petista, em Bras\u00edlia. Estiveram presentes a ministra do Planejamento, Or\u00e7amento e Gest\u00e3o, Miriam Belchior e a ministra da casa civil Gleisi Hoffmann.<br \/>\nO deputado federal Zeca Dirceu fez uma avalia\u00e7\u00e3o do encontro.  Se referindo ao ritmo de pagamento das obras do Governo o deputado explicou que nesse momento o Governo Federal anuncia que vai, at\u00e9 o fim de setembro, honrar com as contas. E destacou os principais temas abordados. Confira na reportagem completa no \u00edcone abaixo.<\/p>\n","protected":false},"author":1,"featured_media":28693,"comment_status":"open","ping_status":"open","sticky":false,"template":"","format":"standard","meta":{"footnotes":""},"categories":[1],"tags":[74],"class_list":["post-28694","post","type-post","status-publish","format-standard","has-post-thumbnail","hentry","category-noticias-zeca-dirceu","tag-governo"],"_links":{"self":[{"href":"https:\/\/teste.bsb.br\/zeca\/wp-json\/wp\/v2\/posts\/28694","targetHints":{"allow":["GET"]}}],"collection":[{"href":"https:\/\/teste.bsb.br\/zeca\/wp-json\/wp\/v2\/posts"}],"about":[{"href":"https:\/\/teste.bsb.br\/zeca\/wp-json\/wp\/v2\/types\/post"}],"author":[{"embeddable":true,"href":"https:\/\/teste.bsb.br\/zeca\/wp-json\/wp\/v2\/users\/1"}],"replies":[{"embeddable":true,"href":"https:\/\/teste.bsb.br\/zeca\/wp-json\/wp\/v2\/comments?post=28694"}],"version-history":[{"count":0,"href":"https:\/\/teste.bsb.br\/zeca\/wp-json\/wp\/v2\/posts\/28694\/revisions"}],"wp:featuredmedia":[{"embeddable":true,"href":"https:\/\/teste.bsb.br\/zeca\/wp-json\/wp\/v2\/media\/28693"}],"wp:attachment":[{"href":"https:\/\/teste.bsb.br\/zeca\/wp-json\/wp\/v2\/media?parent=28694"}],"wp:term":[{"taxonomy":"category","embeddable":true,"href":"https:\/\/teste.bsb.br\/zeca\/wp-json\/wp\/v2\/categories?post=28694"},{"taxonomy":"post_tag","embeddable":true,"href":"https:\/\/teste.bsb.br\/zeca\/wp-json\/wp\/v2\/tags?post=28694"}],"curies":[{"name":"wp","href":"https:\/\/api.w.org\/{rel}","templated":true}]}}