{"id":28674,"date":"2011-08-25T00:00:00","date_gmt":"2011-08-25T03:00:00","guid":{"rendered":"https:\/\/www.zecadirceu.com.br\/terra-rica-e-sao-jorge-do-patrocinio-representados-em-brasilia-3\/"},"modified":"2011-08-25T00:00:00","modified_gmt":"2011-08-25T03:00:00","slug":"terra-rica-e-sao-jorge-do-patrocinio-representados-em-brasilia-3","status":"publish","type":"post","link":"https:\/\/teste.bsb.br\/zeca\/terra-rica-e-sao-jorge-do-patrocinio-representados-em-brasilia-3\/","title":{"rendered":"Terra Rica e S\u00e3o Jorge do Patroc\u00ednio representados em Bras\u00edlia"},"content":{"rendered":"<p>&nbsp;&quot;A comunidade j&aacute; come&ccedil;ou a ganhar com nossa agenda em Bras&iacute;lia&quot;, com estas palavras o prefeito de S&atilde;o Jorge do Patroc&iacute;nio , Claudio Palozi, elogiou a iniciativa do deputado federal Zeca Dirceu pela organiza&ccedil;&atilde;o da caravana dos prefeitos paranaenses a Bras&iacute;lia. J&aacute; o prefeito de Terra Rica, Mi Molina, n&atilde;o escondeu o entusiasmo, e em nome dos demais prefeitos agradeceu a oportunidade, principalmente, da participa&ccedil;&atilde;o dos pequenos munic&iacute;pios como o de Terra Rica, no contato direto com ministros e equipe t&eacute;cnica dos Minist&eacute;rios visitados. Confira a reportagem completa no &iacute;cone abaixo.<\/p>\n","protected":false},"excerpt":{"rendered":"<p>&#8220;A comunidade j\u00e1 come\u00e7ou a ganhar com nossa agenda em Bras\u00edlia&#8221;, com estas palavras o prefeito de S\u00e3o Jorge do Patroc\u00ednio , Claudio Palozi, elogiou a iniciativa do deputado federal Zeca Dirceu pela organiza\u00e7\u00e3o da caravana dos prefeitos paranaenses a Bras\u00edlia. J\u00e1 o prefeito de Terra Rica, Mi Molina, n\u00e3o escondeu o entusiasmo, e em nome dos demais prefeitos agradeceu a oportunidade, principalmente, da participa\u00e7\u00e3o dos pequenos munic\u00edpios como o de Terra Rica, no contato direto com ministros e equipe t\u00e9cnica dos Minist\u00e9rios visitados. Confira a reportagem completa no \u00edcone abaixo.<\/p>\n","protected":false},"author":1,"featured_media":28673,"comment_status":"open","ping_status":"open","sticky":false,"template":"","format":"standard","meta":{"footnotes":""},"categories":[1],"tags":[69],"class_list":["post-28674","post","type-post","status-publish","format-standard","has-post-thumbnail","hentry","category-noticias-zeca-dirceu","tag-prefeitos"],"_links":{"self":[{"href":"https:\/\/teste.bsb.br\/zeca\/wp-json\/wp\/v2\/posts\/28674","targetHints":{"allow":["GET"]}}],"collection":[{"href":"https:\/\/teste.bsb.br\/zeca\/wp-json\/wp\/v2\/posts"}],"about":[{"href":"https:\/\/teste.bsb.br\/zeca\/wp-json\/wp\/v2\/types\/post"}],"author":[{"embeddable":true,"href":"https:\/\/teste.bsb.br\/zeca\/wp-json\/wp\/v2\/users\/1"}],"replies":[{"embeddable":true,"href":"https:\/\/teste.bsb.br\/zeca\/wp-json\/wp\/v2\/comments?post=28674"}],"version-history":[{"count":0,"href":"https:\/\/teste.bsb.br\/zeca\/wp-json\/wp\/v2\/posts\/28674\/revisions"}],"wp:featuredmedia":[{"embeddable":true,"href":"https:\/\/teste.bsb.br\/zeca\/wp-json\/wp\/v2\/media\/28673"}],"wp:attachment":[{"href":"https:\/\/teste.bsb.br\/zeca\/wp-json\/wp\/v2\/media?parent=28674"}],"wp:term":[{"taxonomy":"category","embeddable":true,"href":"https:\/\/teste.bsb.br\/zeca\/wp-json\/wp\/v2\/categories?post=28674"},{"taxonomy":"post_tag","embeddable":true,"href":"https:\/\/teste.bsb.br\/zeca\/wp-json\/wp\/v2\/tags?post=28674"}],"curies":[{"name":"wp","href":"https:\/\/api.w.org\/{rel}","templated":true}]}}