{"id":28668,"date":"2011-08-25T00:00:00","date_gmt":"2011-08-25T03:00:00","guid":{"rendered":"https:\/\/www.zecadirceu.com.br\/camara-aprova-recursos-para-educacao-infantil\/"},"modified":"2011-08-25T00:00:00","modified_gmt":"2011-08-25T03:00:00","slug":"camara-aprova-recursos-para-educacao-infantil","status":"publish","type":"post","link":"https:\/\/teste.bsb.br\/zeca\/camara-aprova-recursos-para-educacao-infantil\/","title":{"rendered":"C\u00e2mara aprova recursos para educa\u00e7\u00e3o infantil"},"content":{"rendered":"<p>Apesar das constantes tentativas de obstru&ccedil;&atilde;o por parte dos parlamentares oposicionistas, o plen&aacute;rio da C&acirc;mara aprovou ontem o texto base da medida provis&oacute;ria 533\/11, que autoriza a Uni&atilde;o a repassar recursos aos munic&iacute;pios e ao Distrito Federal para a manuten&ccedil;&atilde;o de estabelecimentos p&uacute;blicos de educa&ccedil;&atilde;o infantil. O objetivo da medida &eacute; garantir o funcionamento de escolas novas, que ainda n&atilde;o foram computadas no Censo Escolar. Um acordo entre os l&iacute;deres partid&aacute;rios transferiu para a pr&oacute;xima semana a aprecia&ccedil;&atilde;o dos destaques do texto. <br \/>\nVale lembrar que, em minha gest&atilde;o de prefeito e vice-presidente da Associa&ccedil;&atilde;o dos Munic&iacute;pios do Paran&aacute; (AMP), a educa&ccedil;&atilde;o p&uacute;blica sempre foi uma de minhas prioridades. Agora, como deputado federal, essa continua sendo uma prioridade de meu mandato. <\/p>\n","protected":false},"excerpt":{"rendered":"<p>Apesar das constantes tentativas de obstru\u00e7\u00e3o por parte dos parlamentares oposicionistas, o plen\u00e1rio da C\u00e2mara aprovou ontem o texto base da medida provis\u00f3ria 533\/11, que autoriza a Uni\u00e3o a repassar recursos aos munic\u00edpios e ao Distrito Federal para a manuten\u00e7\u00e3o de estabelecimentos p\u00fablicos de educa\u00e7\u00e3o infantil. O objetivo da medida \u00e9 garantir o funcionamento de escolas novas, que ainda n\u00e3o foram computadas no Censo Escolar. Um acordo entre os l\u00edderes partid\u00e1rios transferiu para a pr\u00f3xima semana a aprecia\u00e7\u00e3o dos destaques do texto.<\/p>\n","protected":false},"author":1,"featured_media":28667,"comment_status":"open","ping_status":"open","sticky":false,"template":"","format":"standard","meta":{"footnotes":""},"categories":[1],"tags":[348,4,6829],"class_list":["post-28668","post","type-post","status-publish","format-standard","has-post-thumbnail","hentry","category-noticias-zeca-dirceu","tag-camara","tag-educacao","tag-mp-533"],"_links":{"self":[{"href":"https:\/\/teste.bsb.br\/zeca\/wp-json\/wp\/v2\/posts\/28668","targetHints":{"allow":["GET"]}}],"collection":[{"href":"https:\/\/teste.bsb.br\/zeca\/wp-json\/wp\/v2\/posts"}],"about":[{"href":"https:\/\/teste.bsb.br\/zeca\/wp-json\/wp\/v2\/types\/post"}],"author":[{"embeddable":true,"href":"https:\/\/teste.bsb.br\/zeca\/wp-json\/wp\/v2\/users\/1"}],"replies":[{"embeddable":true,"href":"https:\/\/teste.bsb.br\/zeca\/wp-json\/wp\/v2\/comments?post=28668"}],"version-history":[{"count":0,"href":"https:\/\/teste.bsb.br\/zeca\/wp-json\/wp\/v2\/posts\/28668\/revisions"}],"wp:featuredmedia":[{"embeddable":true,"href":"https:\/\/teste.bsb.br\/zeca\/wp-json\/wp\/v2\/media\/28667"}],"wp:attachment":[{"href":"https:\/\/teste.bsb.br\/zeca\/wp-json\/wp\/v2\/media?parent=28668"}],"wp:term":[{"taxonomy":"category","embeddable":true,"href":"https:\/\/teste.bsb.br\/zeca\/wp-json\/wp\/v2\/categories?post=28668"},{"taxonomy":"post_tag","embeddable":true,"href":"https:\/\/teste.bsb.br\/zeca\/wp-json\/wp\/v2\/tags?post=28668"}],"curies":[{"name":"wp","href":"https:\/\/api.w.org\/{rel}","templated":true}]}}