{"id":28642,"date":"2011-08-26T00:00:00","date_gmt":"2011-08-26T03:00:00","guid":{"rendered":"https:\/\/www.zecadirceu.com.br\/umuarama-tera-hospital-do-cancer-em-2012\/"},"modified":"2011-08-26T00:00:00","modified_gmt":"2011-08-26T03:00:00","slug":"umuarama-tera-hospital-do-cancer-em-2012","status":"publish","type":"post","link":"https:\/\/teste.bsb.br\/zeca\/umuarama-tera-hospital-do-cancer-em-2012\/","title":{"rendered":"Umuarama ter\u00e1 hospital do c\u00e2ncer em 2012"},"content":{"rendered":"<p>Desde que o deputado federal Zeca Dirceu assumiu as tratativas com o Minist&eacute;rio da Sa&uacute;de, do hospital do c&acirc;ncer, o projeto vem saindo do papel. Agora j&aacute; h&aacute; uma previs&atilde;o de inaugura&ccedil;&atilde;o: 2012. O projeto &eacute; um marco na regi&atilde;o noroeste do Paran&aacute;, uma vez que ter&aacute; capacidade de atender 200 pessoas\/dia. Nesta semana Zeca recebeu o diretor do conselho deliberativo, da Uopecan (Uni&atilde;o Oeste Paranaense de Estudos de Combate ao C&acirc;ncer), Wanderley Rosa, em Bras&iacute;lia.&nbsp;<\/p>\n<p>&quot;A Uopecan tem 20 anos de experi&ecirc;ncia, com uma sede em Cascavel. Em Umuarama, as obras j&aacute; foram iniciadas com o apoio da comunidade e apoio pol&iacute;tico&quot; ressaltou o&nbsp;Rosa. &nbsp;Ser&atilde;o 14 &nbsp;mil metros quadrados de &aacute;rea constru&iacute;da. &quot;&Eacute; uma grande conquista para toda a regi&atilde;o, ter um hospital direcionada em Umuarama. Estarei fazendo o poss&iacute;vel para inaugurarmos no pr&oacute;ximo ano&quot; explicou o deputado. Confira a reportagem no &iacute;cone abaixo.<br type=\"_moz\" \/><\/p>\n","protected":false},"excerpt":{"rendered":"<p>Desde que o deputado federal Zeca Dirceu assumiu as tratativas com o Minist\u00e9rio da Sa\u00fade, do hospital do c\u00e2ncer, o projeto vem saindo do papel. Agora j\u00e1 h\u00e1 uma previs\u00e3o de inaugura\u00e7\u00e3o: 2012. O projeto \u00e9 um marco na regi\u00e3o noroeste do Paran\u00e1, uma vez que ter\u00e1 capacidade de atender 200 pessoas\/dia. Nesta semana Zeca recebeu o diretor do conselho deliberativo, da Uopecan (Uni\u00e3o Oeste Paranaense de Estudos de Combate ao C\u00e2ncer), Wanderley Rosa, em Bras\u00edlia. <\/p>\n<p>&#8220;A Uopecan tem 20 anos de experi\u00eancia, com uma sede em Cascavel. Em Umuarama, as obras j\u00e1 foram iniciadas com o apoio da comunidade e apoio pol\u00edtico&#8221; ressaltou o Rosa.  Ser\u00e3o 14  mil metros quadrados de \u00e1rea constru\u00edda. &#8220;\u00c9 uma grande conquista para toda a regi\u00e3o, ter um hospital direcionada em Umuarama. Estarei fazendo o poss\u00edvel para inaugurarmos no pr\u00f3ximo ano&#8221; explicou o deputado. Confira a reportagem no \u00edcone abaixo.<\/p>\n","protected":false},"author":1,"featured_media":28641,"comment_status":"open","ping_status":"open","sticky":false,"template":"","format":"standard","meta":{"footnotes":""},"categories":[1],"tags":[8],"class_list":["post-28642","post","type-post","status-publish","format-standard","has-post-thumbnail","hentry","category-noticias-zeca-dirceu","tag-hospital"],"_links":{"self":[{"href":"https:\/\/teste.bsb.br\/zeca\/wp-json\/wp\/v2\/posts\/28642","targetHints":{"allow":["GET"]}}],"collection":[{"href":"https:\/\/teste.bsb.br\/zeca\/wp-json\/wp\/v2\/posts"}],"about":[{"href":"https:\/\/teste.bsb.br\/zeca\/wp-json\/wp\/v2\/types\/post"}],"author":[{"embeddable":true,"href":"https:\/\/teste.bsb.br\/zeca\/wp-json\/wp\/v2\/users\/1"}],"replies":[{"embeddable":true,"href":"https:\/\/teste.bsb.br\/zeca\/wp-json\/wp\/v2\/comments?post=28642"}],"version-history":[{"count":0,"href":"https:\/\/teste.bsb.br\/zeca\/wp-json\/wp\/v2\/posts\/28642\/revisions"}],"wp:featuredmedia":[{"embeddable":true,"href":"https:\/\/teste.bsb.br\/zeca\/wp-json\/wp\/v2\/media\/28641"}],"wp:attachment":[{"href":"https:\/\/teste.bsb.br\/zeca\/wp-json\/wp\/v2\/media?parent=28642"}],"wp:term":[{"taxonomy":"category","embeddable":true,"href":"https:\/\/teste.bsb.br\/zeca\/wp-json\/wp\/v2\/categories?post=28642"},{"taxonomy":"post_tag","embeddable":true,"href":"https:\/\/teste.bsb.br\/zeca\/wp-json\/wp\/v2\/tags?post=28642"}],"curies":[{"name":"wp","href":"https:\/\/api.w.org\/{rel}","templated":true}]}}