{"id":28638,"date":"2011-08-26T00:00:00","date_gmt":"2011-08-26T03:00:00","guid":{"rendered":"https:\/\/www.zecadirceu.com.br\/santa-cruz-de-monte-castelo-representado-em-brasilia\/"},"modified":"2011-08-26T00:00:00","modified_gmt":"2011-08-26T03:00:00","slug":"santa-cruz-de-monte-castelo-representado-em-brasilia","status":"publish","type":"post","link":"https:\/\/teste.bsb.br\/zeca\/santa-cruz-de-monte-castelo-representado-em-brasilia\/","title":{"rendered":"Santa Cruz de Monte Castelo representado em Bras\u00edlia"},"content":{"rendered":"<p>&nbsp;O munic&iacute;pio de Santa Cruz Monte Castelo foi representado pelo prefeito Jo&acute;se Maria Fernandes e pelo vereador Z&eacute; Grande, em Bras&iacute;lia. Os dois participaram da caravana de prefeitos, que aconteceu na &uacute;ltima semana. &quot; Fui vereador por quatro mandatos e agora prefeito, &eacute; a primeira vez que vejo uma integra&ccedil;&atilde;o t&atilde;o grande entre prefeitos&quot; destacou Fernandes. O vereador Z&eacute; Grande elogiu a iniciativa do deputado federal Zeca Dirceu em organizar e promover tantas agendas em Bras&iacute;lia. &quot;Estamos muito felizes&quot; encerrou o vereador. Confira a reportagem no &iacute;cone abaixo.<\/p>\n","protected":false},"excerpt":{"rendered":"<p>O munic\u00edpio de Santa Cruz Monte Castelo foi representado pelo prefeito Jo\u00b4se Maria Fernandes e pelo vereador Z\u00e9 Grande, em Bras\u00edlia. Os dois participaram da caravana de prefeitos, que aconteceu na \u00faltima semana. &#8221; Fui vereador por quatro mandatos e agora prefeito, \u00e9 a primeira vez que vejo uma integra\u00e7\u00e3o t\u00e3o grande entre prefeitos&#8221; destacou Fernandes. O vereador Z\u00e9 Grande elogiu a iniciativa do deputado federal Zeca Dirceu em organizar e promover tantas agendas em Bras\u00edlia. &#8220;Estamos muito felizes&#8221; encerrou o vereador. Confira a reportagem no \u00edcone abaixo.<\/p>\n","protected":false},"author":1,"featured_media":28637,"comment_status":"open","ping_status":"open","sticky":false,"template":"","format":"standard","meta":{"footnotes":""},"categories":[1],"tags":[69],"class_list":["post-28638","post","type-post","status-publish","format-standard","has-post-thumbnail","hentry","category-noticias-zeca-dirceu","tag-prefeitos"],"_links":{"self":[{"href":"https:\/\/teste.bsb.br\/zeca\/wp-json\/wp\/v2\/posts\/28638","targetHints":{"allow":["GET"]}}],"collection":[{"href":"https:\/\/teste.bsb.br\/zeca\/wp-json\/wp\/v2\/posts"}],"about":[{"href":"https:\/\/teste.bsb.br\/zeca\/wp-json\/wp\/v2\/types\/post"}],"author":[{"embeddable":true,"href":"https:\/\/teste.bsb.br\/zeca\/wp-json\/wp\/v2\/users\/1"}],"replies":[{"embeddable":true,"href":"https:\/\/teste.bsb.br\/zeca\/wp-json\/wp\/v2\/comments?post=28638"}],"version-history":[{"count":0,"href":"https:\/\/teste.bsb.br\/zeca\/wp-json\/wp\/v2\/posts\/28638\/revisions"}],"wp:featuredmedia":[{"embeddable":true,"href":"https:\/\/teste.bsb.br\/zeca\/wp-json\/wp\/v2\/media\/28637"}],"wp:attachment":[{"href":"https:\/\/teste.bsb.br\/zeca\/wp-json\/wp\/v2\/media?parent=28638"}],"wp:term":[{"taxonomy":"category","embeddable":true,"href":"https:\/\/teste.bsb.br\/zeca\/wp-json\/wp\/v2\/categories?post=28638"},{"taxonomy":"post_tag","embeddable":true,"href":"https:\/\/teste.bsb.br\/zeca\/wp-json\/wp\/v2\/tags?post=28638"}],"curies":[{"name":"wp","href":"https:\/\/api.w.org\/{rel}","templated":true}]}}