{"id":28600,"date":"2011-08-30T00:00:00","date_gmt":"2011-08-30T03:00:00","guid":{"rendered":"https:\/\/www.zecadirceu.com.br\/zeca-dirceu-debate-investimentos-federais-em-quatro-cidades-do-pr\/"},"modified":"2011-08-30T00:00:00","modified_gmt":"2011-08-30T03:00:00","slug":"zeca-dirceu-debate-investimentos-federais-em-quatro-cidades-do-pr","status":"publish","type":"post","link":"https:\/\/teste.bsb.br\/zeca\/zeca-dirceu-debate-investimentos-federais-em-quatro-cidades-do-pr\/","title":{"rendered":"Zeca Dirceu debate investimentos  federais em quatro cidades do PR"},"content":{"rendered":"<p>&nbsp;<span class=\"Apple-style-span\" style=\"font-family: verdana, sans-serif; font-size: 16px; line-height: 18px; \">Em mais um giro pelo Paran&aacute;, o deputado federal Zeca Dirceu (PT-PR) passou na &uacute;ltima segunda-feira pelas cidades de Campina da Lagoa, Roncador, Peabiru e Campo Mour&atilde;o. Nas agendas com prefeitos, vereadores e lideran&ccedil;as locais, um ponto comum foi a discuss&atilde;o de investimentos do Governo Federal nos munic&iacute;pios, al&eacute;m do refor&ccedil;o ao processo de participa&ccedil;&atilde;o popular no exerc&iacute;cio do mandato.<\/span><\/p>\n<p class=\"MsoNormal\" style=\"font-family: arial, sans-serif; font-size: 13px; margin-top: 0cm; margin-right: 0cm; margin-bottom: 10pt; margin-left: 0cm; text-align: justify; \"><span style=\"line-height: 18px; font-family: 'Times New Roman', serif; font-size: 12pt; \"><font face=\"verdana,sans-serif\">&ldquo;N&atilde;o acredito em pol&iacute;tica feita no conforto do gabinete e do ar-condicionado, com meia d&uacute;zia de pessoas opinando e decidindo. A boa pol&iacute;tica tem que ter participa&ccedil;&atilde;o popular, as pessoas devem ter o direito de opinar e decidir, porque elas &eacute; que sabem o que &eacute; melhor para as suas comunidades&rdquo;, disse o parlamentar, que cumpre seu primeiro mandato na C&acirc;mara dos Deputados.<\/font><\/span><\/p>\n<p class=\"MsoNormal\" style=\"font-family: arial, sans-serif; font-size: 13px; margin-top: 0cm; margin-right: 0cm; margin-bottom: 10pt; margin-left: 0cm; text-align: justify; \"><span style=\"line-height: 18px; font-family: 'Times New Roman', serif; font-size: 12pt; \"><font face=\"verdana,sans-serif\">Na passagem por Campina da Lagoa, Zeca Dirceu foi recebido pela prefeita C&eacute;lia Cabrera de Paula e por dezenas de lideran&ccedil;as locais e regionais, dentre elas o prefeito de Calif&oacute;rnia, Amauri Barichello. Em breve pronunciamento, Zeca falou sobre o trabalho de atra&ccedil;&atilde;o de investimentos para o munic&iacute;pio e destacou o caminh&atilde;o para coleta de lixo, adquirido com verbas repassadas pela Funda&ccedil;&atilde;o Nacional de Sa&uacute;de (Funasa) e cujas chaves foram entregues &agrave; prefeita C&eacute;lia no in&iacute;cio da tarde.<\/font><\/span><\/p>\n<p class=\"MsoNormal\" style=\"font-family: arial, sans-serif; font-size: 13px; margin-top: 0cm; margin-right: 0cm; margin-bottom: 10pt; margin-left: 0cm; text-align: justify; \"><span style=\"line-height: 18px; font-family: 'Times New Roman', serif; font-size: 12pt; \"><font face=\"verdana,sans-serif\">A segunda parada do giro aconteceu em Roncador, onde Zeca Dirceu participou de uma reuni&atilde;o com lideran&ccedil;as na C&acirc;mara Municipal. Al&eacute;m de ouvir as sugest&otilde;es dos presentes, o deputado petista falou sobre as obras que ser&atilde;o realizadas no munic&iacute;pio com verbas articuladas pelo mandato. &ldquo;Aqui em Roncador s&atilde;o quase dois milh&otilde;es de reais investidos em uma Unidade B&aacute;sica de Sa&uacute;de, uma supercreche e uma quadra poliesportiva coberta, al&eacute;m de outros cinco milh&otilde;es de reais previstos pela Funasa para obras nas &aacute;reas de esgotamento sanit&aacute;rio e abastecimento de &aacute;gua&rdquo;, descreveu Zeca.<\/font><\/span><\/p>\n<p class=\"MsoNormal\" style=\"font-family: arial, sans-serif; font-size: 13px; margin-top: 0cm; margin-right: 0cm; margin-bottom: 10pt; margin-left: 0cm; text-align: justify; \"><span style=\"line-height: 18px; font-family: 'Times New Roman', serif; font-size: 12pt; \"><font face=\"verdana,sans-serif\">J&aacute; na noite de segunda-feira, em Peabiru, Zeca se reuniu com diversas lideran&ccedil;as locais, na C&acirc;mara de Vereadores, para fazer um balan&ccedil;o do mandato. O deputado recebeu das m&atilde;os de Zenaide, uma das mais atuantes lideran&ccedil;as culturais da cidade, um pedido de apoio para projetos culturais que pretendem atender mais de mil crian&ccedil;as e jovens em Peabiru.<\/font><\/span><\/p>\n<p class=\"MsoNormal\" style=\"font-family: arial, sans-serif; font-size: 13px; margin-top: 0cm; margin-right: 0cm; margin-bottom: 10pt; margin-left: 0cm; text-align: justify; \"><span style=\"line-height: 18px; font-family: 'Times New Roman', serif; font-size: 12pt; \"><font face=\"verdana,sans-serif\">&ldquo;&Eacute; muito gratificante ver que as pessoas se mobilizam para buscar melhorias nas mais diversas &aacute;reas, por isso parabenizo o Zenaide, que veio aqui trazer este pedido de apoio para um importante projeto na &aacute;rea cultural. Podem ter a certeza de que passam a contar com a minha mobiliza&ccedil;&atilde;o, e da minha equipe de trabalho, para ajudar este projeto a ter um futuro brilhante&rdquo;, concluiu Zeca Dirceu.<\/font><\/span><\/p>\n<p class=\"MsoNormal\" style=\"font-family: arial, sans-serif; font-size: 13px; margin-top: 0cm; margin-right: 0cm; margin-bottom: 10pt; margin-left: 0cm; text-align: justify; \"><span style=\"line-height: 18px; font-family: 'Times New Roman', serif; font-size: 12pt; \"><font face=\"verdana,sans-serif\">&nbsp;<\/font><\/span><\/p>\n<p class=\"MsoNormal\" style=\"font-family: arial, sans-serif; font-size: 13px; margin-top: 0cm; margin-right: 0cm; margin-bottom: 10pt; margin-left: 0cm; text-align: justify; \"><b><span style=\"line-height: 18px; font-family: 'Times New Roman', serif; font-size: 12pt; \"><font face=\"verdana,sans-serif\">Entrevistas<\/font><\/span><\/b><\/p>\n<p class=\"MsoNormal\" style=\"font-family: arial, sans-serif; font-size: 13px; margin-top: 0cm; margin-right: 0cm; margin-bottom: 10pt; margin-left: 0cm; text-align: justify; \"><span style=\"line-height: 18px; font-family: 'Times New Roman', serif; font-size: 12pt; \"><font face=\"verdana,sans-serif\">Al&eacute;m dos encontros com lideran&ccedil;as, Zeca Dirceu tamb&eacute;m concedeu entrevistas a diversos ve&iacute;culos de comunica&ccedil;&atilde;o durante sua passagem pelos munic&iacute;pios. O deputado falou com as r&aacute;dios Mais FM, de Campina da Lagoa; Princesa FM, de Roncador; Musical FM, de Campo Mour&atilde;o; e Cidade FM, de Peabiru.<\/font><\/span><\/p>\n<p class=\"MsoNormal\" style=\"font-family: arial, sans-serif; font-size: 13px; margin-top: 0cm; margin-right: 0cm; margin-bottom: 10pt; margin-left: 0cm; text-align: justify; \"><span style=\"line-height: 18px; font-family: 'Times New Roman', serif; font-size: 12pt; \"><font face=\"verdana,sans-serif\">Ainda no in&iacute;cio da noite de segunda-feira, Zeca Dirceu participou ao vivo do programa Boletim Caraj&aacute;s, transmitido pela TC Caraj&aacute;s, de Campo Mour&atilde;o, entre 18h30 e 19 horas. Em entrevista ao apresentador Anderson Skema, o parlamentar falou sobre os avan&ccedil;os obtidos com o lan&ccedil;amento dos programas federais Brasil Maior, Crescer e Supersimples, e tamb&eacute;m das expectativas para a retomada das obras de pavimenta&ccedil;&atilde;o na BR-487, a conhecida Estrada Boiadeira.<\/font><\/span><\/p>\n<div><span style=\"line-height: 18px; font-family: 'Times New Roman', serif; font-size: 12pt; \"><font face=\"verdana,sans-serif\"><br \/>\n<\/font><\/span><\/div>\n","protected":false},"excerpt":{"rendered":"<p>Em mais um giro pelo Paran\u00e1, o deputado federal Zeca Dirceu (PT-PR) passou na \u00faltima segunda-feira pelas cidades de Campina da Lagoa, Roncador, Peabiru e Campo Mour\u00e3o. Nas agendas com prefeitos, vereadores e lideran\u00e7as locais, um ponto comum foi a discuss\u00e3o de investimentos do Governo Federal nos munic\u00edpios, al\u00e9m do refor\u00e7o ao processo de participa\u00e7\u00e3o popular no exerc\u00edcio do mandato.<br \/>\n\u201cN\u00e3o acredito em pol\u00edtica feita no conforto do gabinete e do ar-condicionado, com meia d\u00fazia de pessoas opinando e decidindo. A boa pol\u00edtica tem que ter participa\u00e7\u00e3o popular, as pessoas devem ter o direito de opinar e decidir, porque elas \u00e9 que sabem o que \u00e9 melhor para as suas comunidades\u201d, disse o parlamentar, que cumpre seu primeiro mandato na C\u00e2mara dos Deputados.<\/p>\n","protected":false},"author":1,"featured_media":28599,"comment_status":"open","ping_status":"open","sticky":false,"template":"","format":"standard","meta":{"footnotes":""},"categories":[1],"tags":[145],"class_list":["post-28600","post","type-post","status-publish","format-standard","has-post-thumbnail","hentry","category-noticias-zeca-dirceu","tag-cidades"],"_links":{"self":[{"href":"https:\/\/teste.bsb.br\/zeca\/wp-json\/wp\/v2\/posts\/28600","targetHints":{"allow":["GET"]}}],"collection":[{"href":"https:\/\/teste.bsb.br\/zeca\/wp-json\/wp\/v2\/posts"}],"about":[{"href":"https:\/\/teste.bsb.br\/zeca\/wp-json\/wp\/v2\/types\/post"}],"author":[{"embeddable":true,"href":"https:\/\/teste.bsb.br\/zeca\/wp-json\/wp\/v2\/users\/1"}],"replies":[{"embeddable":true,"href":"https:\/\/teste.bsb.br\/zeca\/wp-json\/wp\/v2\/comments?post=28600"}],"version-history":[{"count":0,"href":"https:\/\/teste.bsb.br\/zeca\/wp-json\/wp\/v2\/posts\/28600\/revisions"}],"wp:featuredmedia":[{"embeddable":true,"href":"https:\/\/teste.bsb.br\/zeca\/wp-json\/wp\/v2\/media\/28599"}],"wp:attachment":[{"href":"https:\/\/teste.bsb.br\/zeca\/wp-json\/wp\/v2\/media?parent=28600"}],"wp:term":[{"taxonomy":"category","embeddable":true,"href":"https:\/\/teste.bsb.br\/zeca\/wp-json\/wp\/v2\/categories?post=28600"},{"taxonomy":"post_tag","embeddable":true,"href":"https:\/\/teste.bsb.br\/zeca\/wp-json\/wp\/v2\/tags?post=28600"}],"curies":[{"name":"wp","href":"https:\/\/api.w.org\/{rel}","templated":true}]}}