{"id":28598,"date":"2011-08-31T00:00:00","date_gmt":"2011-08-31T03:00:00","guid":{"rendered":"https:\/\/www.zecadirceu.com.br\/no-30-de-agosto-educadores-realizam-mobilizacao-historica\/"},"modified":"2011-08-31T00:00:00","modified_gmt":"2011-08-31T03:00:00","slug":"no-30-de-agosto-educadores-realizam-mobilizacao-historica","status":"publish","type":"post","link":"https:\/\/teste.bsb.br\/zeca\/no-30-de-agosto-educadores-realizam-mobilizacao-historica\/","title":{"rendered":"No 30 de agosto, educadores realizam mobiliza\u00e7\u00e3o hist\u00f3rica"},"content":{"rendered":"<p>&nbsp;Cerca de sete mil educadores foram &agrave;s ruas de Curitiba nesta ter&ccedil;a-feira, 30 de agosto, o marcante Dia de Luto e Luta dos Trabalhadores da Educa&ccedil;&atilde;o, em que se relembra o fat&iacute;dico epis&oacute;dio de repress&atilde;o do 30 de agosto de 1988 e se retomam as grandes lutas dos educadores do Estado. A grande marcha da Pra&ccedil;a Santos Andrade, no Centro de Curitiba, at&eacute; o Pal&aacute;cio das Arauc&aacute;rias ganhou o entusiasmo de caravanas vindas das diversas regi&otilde;es do Estado, que n&atilde;o se intimidaram com a chuva que se iniciou pouco antes do in&iacute;cio da passeata.<\/p>\n<p class=\"MsoNormal\"><o:p><\/o:p><\/p>\n<p class=\"MsoNormal\"><span>&nbsp;<\/span>Um trio el&eacute;trico e dois carros de som traziam para a popula&ccedil;&atilde;o a mensagem dos educadores: aplica&ccedil;&atilde;o do Piso Nacional do Magist&eacute;rio e equipara&ccedil;&atilde;o, um novo modelo de assist&ecirc;ncia &agrave; sa&uacute;de. Faixas trazidas pelos educadores de diversas regi&otilde;es do Estado estampavam as principais reivindica&ccedil;&otilde;es da categoria, como o reconhecimento da titula&ccedil;&atilde;o para funcion&aacute;rios. Contudo, grande parte das faixas pedia o fim da desastrada iniciativa do governo de jun&ccedil;&atilde;o de turmas.<o:p><\/o:p><\/p>\n<p class=\"MsoNormal\"><span>&nbsp;<\/span>Do alto de umdos carros de som, a presidenta da APP, Marlei Fernandes de Carvalho, denunciava o car&aacute;ter antipedag&oacute;gico da jun&ccedil;&atilde;o de turmas &#8211; que fatalmente significar&aacute; superlota&ccedil;&atilde;o -, sobretudo quando adotada no segundo semestre letivo. Os educadores receberam apoio dos deputados estaduais Professor Lemos, Luciana Rafagnin, Elton Welter, Tadeu Veneri (PT) e dos deputados federais Andr&eacute; Vargas e Dr. Rosinha (PT). Marlei lembrou que a manifesta&ccedil;&atilde;o tamb&eacute;m era em defesa do financiamento da educa&ccedil;&atilde;o p&uacute;blica e da aprova&ccedil;&atilde;o do Plano Nacional de Educa&ccedil;&atilde;o (PNE) para o pr&oacute;ximo dec&ecirc;nio.<o:p><\/o:p><\/p>\n<p class=\"MsoNormal\"><span>&nbsp;<\/span>&quot;A educa&ccedil;&atilde;o que temos &eacute; para o financiamento que temos&quot;, observou a professora Janeslei Albuquerque, diretora Educacional da APP, lembrando aos manifestantes que &eacute; necess&aacute;rio o incremento na porcentagem do PIB destinada &agrave; educa&ccedil;&atilde;o para a melhoria da qualidade da educa&ccedil;&atilde;o no pa&iacute;s. Janeslei reiterou a defesa do PNE como pol&iacute;tica de Estado, debatida com todos os setores interessados, e que, como sustentou, precisa ser aprovado no Congresso Nacional segundo as delibera&ccedil;&otilde;es da Confer&ecirc;ncia Nacional de Educa&ccedil;&atilde;o, realizada em 2010.<o:p><\/o:p><\/p>\n<p class=\"MsoNormal\"><span>&nbsp;<\/span>Hora-atividade &#8211; Outro ponto da pauta que foi enfatizado entre os manifestantes foi a ado&ccedil;&atilde;o de pelo menos um ter&ccedil;o da carga de trabalho dos professores para hora-atividade. A previs&atilde;o, constante da Lei do Piso, foi confirmada pelo Supremo Tribunal Federal (STF), mas &eacute; uma realidade long&iacute;nqua para diversos Estados e munic&iacute;pios. No Paran&aacute;, a hora atividade est&aacute; em 20% e o governo sinaliza para uma implanta&ccedil;&atilde;o gradual. &quot;Chega de corrigir provas de madrugada, chega de corrigir trabalhos em fins de semana, um ter&ccedil;o de hora atividade j&aacute;&quot;, disse o professor Luiz Carlos Paix&atilde;o da Rocha, diretor de Imprensa e Divulga&ccedil;&atilde;o da APP. O exaurimento f&iacute;sico e mental dos professores foi lembrado neste 30 de agosto com a demanda por um novo modelo de assist&ecirc;ncia &agrave; sa&uacute;de dos educadores e demais servidores do Estado.<o:p><\/o:p><\/p>\n<p class=\"MsoNormal\"><span>&nbsp;<\/span>Faixas &#8211; Alguns dos manifestantes apresentavam demandas localizadas. Membros da comunidade do Col&eacute;gio Yvone Pimentel, de Curitiba, cobravam o cumprimento da promessa do secret&aacute;rio Fl&aacute;vio Arns de reparos na p&eacute;ssima infraestrutura da institui&ccedil;&atilde;o. Outro grupo, de aposentados de Londrina, trazia uma demanda da mais absoluta justi&ccedil;a: &quot;Governador, queremos nosso precat&oacute;rio em vida!&quot;, dizia a faixa que traziam, em refer&ecirc;ncia &agrave;s demandas judiciais por atrasados ganhas e ainda n&atilde;o pagas, na espera infind&aacute;vel da fila dos pagamentos da Fazenda P&uacute;blica.<o:p><\/o:p><\/p>\n<p class=\"MsoNormal\"><span>&nbsp;<\/span>Os manifestantes passaram por ruas do Centro de Curitiba trazendo a mensagem de que a luta n&atilde;o era meramente corporativa, mas dizia respeito &agrave; educa&ccedil;&atilde;o que as crian&ccedil;as e jovens paranaenses est&atilde;o recebendo. No final da Avenida C&acirc;ndido de Abreu, a manifesta&ccedil;&atilde;o teve que ser acelerada j&aacute; que os manifestantes da retaguarda ainda estavam pr&oacute;ximos da Catedral. Ao longo do trajeto, na Rua Bar&atilde;o do Cerro Azul. os educadores recebiam manifesta&ccedil;&otilde;es de apoio, com papel picado, loas e aplausos dos moradores. A concentra&ccedil;&atilde;o final foi no Pal&aacute;cio das Arauc&aacute;rias, sob chuva intensa, enquanto uma comiss&atilde;o de diretores da APP aguardava para ser recebida pelo governador em exerc&iacute;cio e secret&aacute;rio de Educa&ccedil;&atilde;o, Fl&aacute;vio Arns.<\/p>\n<p>Fonte: APP Sindicato<\/p>\n","protected":false},"excerpt":{"rendered":"<p>Cerca de sete mil educadores foram \u00e0s ruas de Curitiba nesta ter\u00e7a-feira, 30 de agosto, o marcante Dia de Luto e Luta dos Trabalhadores da Educa\u00e7\u00e3o, em que se relembra o fat\u00eddico epis\u00f3dio de repress\u00e3o do 30 de agosto de 1988 e se retomam as grandes lutas dos educadores do Estado. A grande marcha da Pra\u00e7a Santos Andrade, no Centro de Curitiba, at\u00e9 o Pal\u00e1cio das Arauc\u00e1rias ganhou o entusiasmo de caravanas vindas das diversas regi\u00f5es do Estado, que n\u00e3o se intimidaram com a chuva que se iniciou pouco antes do in\u00edcio da passeata.<\/p>\n<p> Um trio el\u00e9trico e dois carros de som traziam para a popula\u00e7\u00e3o a mensagem dos educadores: aplica\u00e7\u00e3o do Piso Nacional do Magist\u00e9rio e equipara\u00e7\u00e3o, um novo modelo de assist\u00eancia \u00e0 sa\u00fade. Faixas trazidas pelos educadores de diversas regi\u00f5es do Estado estampavam as principais reivindica\u00e7\u00f5es da categoria, como o reconhecimento da titula\u00e7\u00e3o para funcion\u00e1rios. Contudo, grande parte das faixas pedia o fim da desastrada iniciativa do governo de jun\u00e7\u00e3o de turmas.<\/p>\n","protected":false},"author":1,"featured_media":28597,"comment_status":"open","ping_status":"open","sticky":false,"template":"","format":"standard","meta":{"footnotes":""},"categories":[1],"tags":[4],"class_list":["post-28598","post","type-post","status-publish","format-standard","has-post-thumbnail","hentry","category-noticias-zeca-dirceu","tag-educacao"],"_links":{"self":[{"href":"https:\/\/teste.bsb.br\/zeca\/wp-json\/wp\/v2\/posts\/28598","targetHints":{"allow":["GET"]}}],"collection":[{"href":"https:\/\/teste.bsb.br\/zeca\/wp-json\/wp\/v2\/posts"}],"about":[{"href":"https:\/\/teste.bsb.br\/zeca\/wp-json\/wp\/v2\/types\/post"}],"author":[{"embeddable":true,"href":"https:\/\/teste.bsb.br\/zeca\/wp-json\/wp\/v2\/users\/1"}],"replies":[{"embeddable":true,"href":"https:\/\/teste.bsb.br\/zeca\/wp-json\/wp\/v2\/comments?post=28598"}],"version-history":[{"count":0,"href":"https:\/\/teste.bsb.br\/zeca\/wp-json\/wp\/v2\/posts\/28598\/revisions"}],"wp:featuredmedia":[{"embeddable":true,"href":"https:\/\/teste.bsb.br\/zeca\/wp-json\/wp\/v2\/media\/28597"}],"wp:attachment":[{"href":"https:\/\/teste.bsb.br\/zeca\/wp-json\/wp\/v2\/media?parent=28598"}],"wp:term":[{"taxonomy":"category","embeddable":true,"href":"https:\/\/teste.bsb.br\/zeca\/wp-json\/wp\/v2\/categories?post=28598"},{"taxonomy":"post_tag","embeddable":true,"href":"https:\/\/teste.bsb.br\/zeca\/wp-json\/wp\/v2\/tags?post=28598"}],"curies":[{"name":"wp","href":"https:\/\/api.w.org\/{rel}","templated":true}]}}