{"id":28592,"date":"2011-08-31T00:00:00","date_gmt":"2011-08-31T03:00:00","guid":{"rendered":"https:\/\/www.zecadirceu.com.br\/municipios-com-ate-20-mil-habitantes-podem-se-inscrever-no-projovem\/"},"modified":"2011-08-31T00:00:00","modified_gmt":"2011-08-31T03:00:00","slug":"municipios-com-ate-20-mil-habitantes-podem-se-inscrever-no-projovem","status":"publish","type":"post","link":"https:\/\/teste.bsb.br\/zeca\/municipios-com-ate-20-mil-habitantes-podem-se-inscrever-no-projovem\/","title":{"rendered":"Munic\u00edpios com at\u00e9 20 mil habitantes podem se inscrever no ProJovem"},"content":{"rendered":"<div style=\"text-align: justify; margin: 0cm 0cm 10pt\">Est&atilde;o abertas as inscri&ccedil;&otilde;es do cons&oacute;rcio ProJovem, para munic&iacute;pios com at&eacute; 20 mil habitantes. Os interessados devem oficializar o pedido junto ao departamento de Pol&iacute;tica&nbsp;e Emprego para a Juventude, &nbsp;do Minist&eacute;rio do Trabalho e Emprego. A proposta dever&aacute; obedecer algumas normas que regem o Programa atrav&eacute;s do Cons&oacute;rcio P&uacute;blico Municipal, no Sistema de Gest&atilde;o de Conv&ecirc;nios e Contratos de Repasse do Governo Federal &ndash; SICONV.<\/div>\n<div style=\"text-align: justify; margin: 0cm 0cm 10pt\">&ldquo;A proposta deve ter o objetivo de promover a cria&ccedil;&atilde;o de oportunidades de trabalho, emprego e renda para os jovens em situa&ccedil;&atilde;o de maior vulnerabilidade frente ao mundo do trabalho, por meio da qualifica&ccedil;&atilde;o s&oacute;cio-profissional com vistas &agrave; inser&ccedil;&atilde;o na atividade produtiva. Preparando e inserindo-os no mundo do trabalho, em ocupa&ccedil;&otilde;es com v&iacute;nculo empregat&iacute;cio ou em outras atividades produtivas legais geradoras de renda&rdquo; explicou o deputado federal Zeca Dirceu.<\/div>\n<div style=\"text-align: justify; margin: 0cm 0cm 10pt\">O conv&ecirc;nio ter&aacute; prazo de execu&ccedil;&atilde;o de at&eacute; 12 meses, sendo suas atividades assim previstas: at&eacute; quatro meses de estrutura&ccedil;&atilde;o do projeto; seis meses de qualifica&ccedil;&atilde;o dos jovens e pagamento do aux&iacute;lio financeiro; e, no m&iacute;nimo, dois meses de inser&ccedil;&atilde;o de jovens no mundo do trabalho.<\/div>\n<div style=\"text-align: justify; margin: 0cm 0cm 10pt\">O <b>Projovem Trabalhador<\/b> &ndash; Juventude Cidad&atilde; beneficiar&aacute; jovens de 18 a 29 anos que estejam em situa&ccedil;&atilde;o de desemprego e sejam membros de fam&iacute;lias com renda mensal per capita de at&eacute; um sal&aacute;rio m&iacute;nimo, que,&nbsp;em virtude de suas condi&ccedil;&otilde;es s&oacute;cio- econ&ocirc;micas, t&ecirc;m maior dificuldade de inser&ccedil;&atilde;o na atividade produtiva, ou seja, de maior vulnerabilidade frente ao mundo do trabalho.<\/div>\n","protected":false},"excerpt":{"rendered":"<p>Est\u00e3o abertas as inscri\u00e7\u00f5es do cons\u00f3rcio ProJovem, para munic\u00edpios com at\u00e9 20 mil habitantes. Os interessados devem oficializar o pedido junto ao departamento de Pol\u00edtica e Emprego para a Juventude,  do Minist\u00e9rio do Trabalho e Emprego. A proposta dever\u00e1 obedecer algumas normas que regem o Programa atrav\u00e9s do Cons\u00f3rcio P\u00fablico Municipal, no Sistema de Gest\u00e3o de Conv\u00eanios e Contratos de Repasse do Governo Federal \u2013 SICONV.<\/p>\n","protected":false},"author":1,"featured_media":28591,"comment_status":"open","ping_status":"open","sticky":false,"template":"","format":"standard","meta":{"footnotes":""},"categories":[1],"tags":[465],"class_list":["post-28592","post","type-post","status-publish","format-standard","has-post-thumbnail","hentry","category-noticias-zeca-dirceu","tag-municipios"],"_links":{"self":[{"href":"https:\/\/teste.bsb.br\/zeca\/wp-json\/wp\/v2\/posts\/28592","targetHints":{"allow":["GET"]}}],"collection":[{"href":"https:\/\/teste.bsb.br\/zeca\/wp-json\/wp\/v2\/posts"}],"about":[{"href":"https:\/\/teste.bsb.br\/zeca\/wp-json\/wp\/v2\/types\/post"}],"author":[{"embeddable":true,"href":"https:\/\/teste.bsb.br\/zeca\/wp-json\/wp\/v2\/users\/1"}],"replies":[{"embeddable":true,"href":"https:\/\/teste.bsb.br\/zeca\/wp-json\/wp\/v2\/comments?post=28592"}],"version-history":[{"count":0,"href":"https:\/\/teste.bsb.br\/zeca\/wp-json\/wp\/v2\/posts\/28592\/revisions"}],"wp:featuredmedia":[{"embeddable":true,"href":"https:\/\/teste.bsb.br\/zeca\/wp-json\/wp\/v2\/media\/28591"}],"wp:attachment":[{"href":"https:\/\/teste.bsb.br\/zeca\/wp-json\/wp\/v2\/media?parent=28592"}],"wp:term":[{"taxonomy":"category","embeddable":true,"href":"https:\/\/teste.bsb.br\/zeca\/wp-json\/wp\/v2\/categories?post=28592"},{"taxonomy":"post_tag","embeddable":true,"href":"https:\/\/teste.bsb.br\/zeca\/wp-json\/wp\/v2\/tags?post=28592"}],"curies":[{"name":"wp","href":"https:\/\/api.w.org\/{rel}","templated":true}]}}