{"id":28558,"date":"2011-09-01T00:00:00","date_gmt":"2011-09-01T03:00:00","guid":{"rendered":"https:\/\/www.zecadirceu.com.br\/lula-vai-a-lancamento-de-projeto-salvadorenho-inspirado-no-brasil\/"},"modified":"2011-09-01T00:00:00","modified_gmt":"2011-09-01T03:00:00","slug":"lula-vai-a-lancamento-de-projeto-salvadorenho-inspirado-no-brasil","status":"publish","type":"post","link":"https:\/\/teste.bsb.br\/zeca\/lula-vai-a-lancamento-de-projeto-salvadorenho-inspirado-no-brasil\/","title":{"rendered":"Lula vai a lan\u00e7amento de projeto salvadorenho inspirado no Brasil"},"content":{"rendered":"<p>&nbsp;<span class=\"Apple-style-span\" style=\"color: rgb(65, 65, 65); font-family: Arial, Helvetica, sans-serif; line-height: 19px; \">O ex-presidente Luiz In&aacute;cio Lula da Silva acompanhou, nesta quinta-feira (1&ordm;), o lan&ccedil;amento programa salvadorenho Territorios de Progreso, nascido da experi&ecirc;ncia e da coopera&ccedil;&atilde;o com o projeto brasileiro Territ&oacute;rios da Cidadania, implantado pelo Governo Federal em fevereiro de 2008.<\/p>\n<p style=\"margin-top: 0px; margin-right: 0px; margin-bottom: 0px; margin-left: 0px; padding-top: 0px; padding-right: 0px; padding-bottom: 18px; padding-left: 0px; \">&nbsp;<\/p>\n<p style=\"margin-top: 0px; margin-right: 0px; margin-bottom: 0px; margin-left: 0px; padding-top: 0px; padding-right: 0px; padding-bottom: 18px; padding-left: 0px; \">O lan&ccedil;amento foi feito pelo presidente de El Salvador, Mauricio Funes. Antes disso, Lula&nbsp;<a href=\"http:\/\/www.icidadania.org\/2011\/09\/em-el-salvador-lula-visita-projeto-de-apoio-a-mulher\/http:\/\/www.icidadania.org\/2011\/09\/em-el-salvador-lula-visita-projeto-de-apoio-a-mulher\/\" style=\"text-decoration: none; color: rgb(108, 140, 55); \">conheceu o projeto Ciudad Mujer<\/a>&nbsp;(em portugu&ecirc;s, Cidade Mulher) a convite da primeira-dama do pa&iacute;s, a brasileira Vanda Pignato.<\/p>\n<p><\/span><span class=\"Apple-style-span\" style=\"color: rgb(65, 65, 65); font-family: Arial, Helvetica, sans-serif; line-height: 19px; \"><\/p>\n<p style=\"margin-top: 0px; margin-right: 0px; margin-bottom: 0px; margin-left: 0px; padding-top: 0px; padding-right: 0px; padding-bottom: 18px; padding-left: 0px; \"><strong>Projetos integrados<\/strong><br \/>\nO programa Territ&oacute;rios da Cidadania tem o objetivo de reduzir a pobreza no meio rural por meio de um desenvolvimento harmonioso e sustent&aacute;vel. No Brasil, 22 minist&eacute;rios trabalham juntos e aplicam nos locais projetos como o Programa Nacional de Fortalecimento da Agricultura Familiar (Pronaf), o Programa Luz para Todos, o Bolsa Fam&iacute;lia e os Centros de Refer&ecirc;ncia de Assist&ecirc;ncia Social (CRAS), entre outros.<\/p>\n<p style=\"margin-top: 0px; margin-right: 0px; margin-bottom: 0px; margin-left: 0px; padding-top: 0px; padding-right: 0px; padding-bottom: 18px; padding-left: 0px; \">Em 2008, foram escolhidos como alvo 60 locais do pa&iacute;s que apresentavam o menor &Iacute;ndice de Desenvolvimento Humano (IDH) do Pa&iacute;s e baixo dinamismo econ&ocirc;mico. Hoje, o programa contempla 120 locais e alcan&ccedil;a os 27 estados do pa&iacute;s. Em 2010, foram investidos nos Territ&oacute;rios da Cidadania R$ 19,7 bilh&otilde;es e executadas 141 a&ccedil;&otilde;es.<\/p>\n<p style=\"margin-top: 0px; margin-right: 0px; margin-bottom: 0px; margin-left: 0px; padding-top: 0px; padding-right: 0px; padding-bottom: 18px; padding-left: 0px; \"><strong>Coopera&ccedil;&atilde;o<\/strong><br \/>\nO Instituto Lula, entidade que sucede o Instituto Cidadania, foi criado formalmente em 15 de agosto, em S&atilde;o Paulo. O principal eixo de atua&ccedil;&atilde;o do instituto &eacute; a coopera&ccedil;&atilde;o do Brasil com a &Aacute;frica e a Am&eacute;rica Latina.<\/p>\n<p style=\"margin-top: 0px; margin-right: 0px; margin-bottom: 0px; margin-left: 0px; padding-top: 0px; padding-right: 0px; padding-bottom: 18px; padding-left: 0px; \">&nbsp;<\/p>\n<p><\/span><\/p>\n","protected":false},"excerpt":{"rendered":"<p>O ex-presidente Luiz In\u00e1cio Lula da Silva acompanhou, nesta quinta-feira (1\u00ba), o lan\u00e7amento programa salvadorenho Territorios de Progreso, nascido da experi\u00eancia e da coopera\u00e7\u00e3o com o projeto brasileiro Territ\u00f3rios da Cidadania, implantado pelo Governo Federal em fevereiro de 2008.<br \/>\nO lan\u00e7amento foi feito pelo presidente de El Salvador, Mauricio Funes. Antes disso, Lula conheceu o projeto Ciudad Mujer (em portugu\u00eas, Cidade Mulher) a convite da primeira-dama do pa\u00eds, a brasileira Vanda Pignato.<\/p>\n","protected":false},"author":1,"featured_media":28557,"comment_status":"open","ping_status":"open","sticky":false,"template":"","format":"standard","meta":{"footnotes":""},"categories":[1],"tags":[170],"class_list":["post-28558","post","type-post","status-publish","format-standard","has-post-thumbnail","hentry","category-noticias-zeca-dirceu","tag-lula"],"_links":{"self":[{"href":"https:\/\/teste.bsb.br\/zeca\/wp-json\/wp\/v2\/posts\/28558","targetHints":{"allow":["GET"]}}],"collection":[{"href":"https:\/\/teste.bsb.br\/zeca\/wp-json\/wp\/v2\/posts"}],"about":[{"href":"https:\/\/teste.bsb.br\/zeca\/wp-json\/wp\/v2\/types\/post"}],"author":[{"embeddable":true,"href":"https:\/\/teste.bsb.br\/zeca\/wp-json\/wp\/v2\/users\/1"}],"replies":[{"embeddable":true,"href":"https:\/\/teste.bsb.br\/zeca\/wp-json\/wp\/v2\/comments?post=28558"}],"version-history":[{"count":0,"href":"https:\/\/teste.bsb.br\/zeca\/wp-json\/wp\/v2\/posts\/28558\/revisions"}],"wp:featuredmedia":[{"embeddable":true,"href":"https:\/\/teste.bsb.br\/zeca\/wp-json\/wp\/v2\/media\/28557"}],"wp:attachment":[{"href":"https:\/\/teste.bsb.br\/zeca\/wp-json\/wp\/v2\/media?parent=28558"}],"wp:term":[{"taxonomy":"category","embeddable":true,"href":"https:\/\/teste.bsb.br\/zeca\/wp-json\/wp\/v2\/categories?post=28558"},{"taxonomy":"post_tag","embeddable":true,"href":"https:\/\/teste.bsb.br\/zeca\/wp-json\/wp\/v2\/tags?post=28558"}],"curies":[{"name":"wp","href":"https:\/\/api.w.org\/{rel}","templated":true}]}}