{"id":28514,"date":"2011-09-05T00:00:00","date_gmt":"2011-09-05T03:00:00","guid":{"rendered":"https:\/\/www.zecadirceu.com.br\/ministerio-da-saude-deve-credenciar-ceonc-de-francisco-beltrao-em-dez-dias\/"},"modified":"2011-09-05T00:00:00","modified_gmt":"2011-09-05T03:00:00","slug":"ministerio-da-saude-deve-credenciar-ceonc-de-francisco-beltrao-em-dez-dias","status":"publish","type":"post","link":"https:\/\/teste.bsb.br\/zeca\/ministerio-da-saude-deve-credenciar-ceonc-de-francisco-beltrao-em-dez-dias\/","title":{"rendered":"Minist\u00e9rio da Sa\u00fade deve credenciar Ceonc de Francisco Beltr\u00e3o em dez dias"},"content":{"rendered":"<p>&nbsp;<span class=\"Apple-style-span\" style=\"font-family: Arial, Helvetica, sans-serif; font-size: medium; \"><span class=\"Apple-style-span\" style=\"color: rgb(51, 51, 51); font-family: Tahoma, Geneva, sans-serif; font-size: 12px; \">A deputada estadual Luciana Rafagnin (PT), acompanhada do deputado federal Zeca Dirceu (PT), do dirigente do PT de Francisco Beltr&atilde;o, Eduardo Scirea, do ex-vereador Irineu Miller, da secret&aacute;ria de Organiza&ccedil;&atilde;o do PT do Paran&aacute;, Zuleide Maccari, e do coordenador do partido na regi&atilde;o Sudoeste, &Ecirc;nio Bianchini, participou de audi&ecirc;ncia em Bras&iacute;lia, com a secret&aacute;ria-adjunta de Assist&ecirc;ncia &agrave; Sa&uacute;de do Minist&eacute;rio da Sa&uacute;de, Cleuza Bernardo, e com a t&eacute;cnica Carla Toledo. <br \/>\nO grupo foi refor&ccedil;ar o pedido de credenciamento junto ao SUS do Ceonc &#8211; Hospital do C&acirc;ncer de Francisco Beltr&atilde;o &mdash; que deve sair em dez dias. Na semana passada o Minist&eacute;rio recebeu a autoriza&ccedil;&atilde;o de credenciamento emitida pelo governo do Estado e na audi&ecirc;ncia de ontem foram tiradas d&uacute;vidas que ainda restavam com rela&ccedil;&atilde;o ao atendimento do Ceonc na 8&ordf; Regional de Sa&uacute;de do Paran&aacute;, composta por 27 munic&iacute;pios. Luciana saiu otimista da audi&ecirc;ncia, visto que o corpo t&eacute;cnico do Minist&eacute;rio demonstra compreens&atilde;o acerca do drama vivido pelos pacientes com c&acirc;ncer da regi&atilde;o. Eduardo Scirea tamb&eacute;m se disse confiante e at&eacute; euf&oacute;rico com o credenciamento. &ldquo;Est&aacute; bem encaminhado e, ao que tudo indica, nos pr&oacute;ximos dias teremos boas not&iacute;cias sobre esse processo&rdquo;, disse.<\/span><\/p>\n<div id=\"Noticia\" class=\"taho12preto\" style=\"color: rgb(51, 51, 51); font-family: Tahoma, Geneva, sans-serif; font-size: 12px; \">\n<p><a href=\"http:\/\/www.noticiasrss.com.br\/Post\/Default.aspx?id=168922\" target=\"_blank\" style=\"text-decoration: none; \">Fonte do rss<\/a><\/p>\n<div>&nbsp;<\/div>\n<\/div>\n<p><\/span><\/p>\n","protected":false},"excerpt":{"rendered":"<p>A deputada estadual Luciana Rafagnin (PT), acompanhada do deputado federal Zeca Dirceu (PT), do dirigente do PT de Francisco Beltr\u00e3o, Eduardo Scirea, do ex-vereador Irineu Miller, da secret\u00e1ria de Organiza\u00e7\u00e3o do PT do Paran\u00e1, Zuleide Maccari, e do coordenador do partido na regi\u00e3o Sudoeste, \u00canio Bianchini, participou de audi\u00eancia em Bras\u00edlia, com a secret\u00e1ria-adjunta de Assist\u00eancia \u00e0 Sa\u00fade do Minist\u00e9rio da Sa\u00fade, Cleuza Bernardo, e com a t\u00e9cnica Carla Toledo.<\/p>\n","protected":false},"author":1,"featured_media":28513,"comment_status":"open","ping_status":"open","sticky":false,"template":"","format":"standard","meta":{"footnotes":""},"categories":[1],"tags":[1689],"class_list":["post-28514","post","type-post","status-publish","format-standard","has-post-thumbnail","hentry","category-noticias-zeca-dirceu","tag-francisco-beltrao"],"_links":{"self":[{"href":"https:\/\/teste.bsb.br\/zeca\/wp-json\/wp\/v2\/posts\/28514","targetHints":{"allow":["GET"]}}],"collection":[{"href":"https:\/\/teste.bsb.br\/zeca\/wp-json\/wp\/v2\/posts"}],"about":[{"href":"https:\/\/teste.bsb.br\/zeca\/wp-json\/wp\/v2\/types\/post"}],"author":[{"embeddable":true,"href":"https:\/\/teste.bsb.br\/zeca\/wp-json\/wp\/v2\/users\/1"}],"replies":[{"embeddable":true,"href":"https:\/\/teste.bsb.br\/zeca\/wp-json\/wp\/v2\/comments?post=28514"}],"version-history":[{"count":0,"href":"https:\/\/teste.bsb.br\/zeca\/wp-json\/wp\/v2\/posts\/28514\/revisions"}],"wp:featuredmedia":[{"embeddable":true,"href":"https:\/\/teste.bsb.br\/zeca\/wp-json\/wp\/v2\/media\/28513"}],"wp:attachment":[{"href":"https:\/\/teste.bsb.br\/zeca\/wp-json\/wp\/v2\/media?parent=28514"}],"wp:term":[{"taxonomy":"category","embeddable":true,"href":"https:\/\/teste.bsb.br\/zeca\/wp-json\/wp\/v2\/categories?post=28514"},{"taxonomy":"post_tag","embeddable":true,"href":"https:\/\/teste.bsb.br\/zeca\/wp-json\/wp\/v2\/tags?post=28514"}],"curies":[{"name":"wp","href":"https:\/\/api.w.org\/{rel}","templated":true}]}}