{"id":28502,"date":"2011-09-05T00:00:00","date_gmt":"2011-09-05T03:00:00","guid":{"rendered":"https:\/\/www.zecadirceu.com.br\/faep-e-sindicato-rural-preparam-lideres\/"},"modified":"2011-09-05T00:00:00","modified_gmt":"2011-09-05T03:00:00","slug":"faep-e-sindicato-rural-preparam-lideres","status":"publish","type":"post","link":"https:\/\/teste.bsb.br\/zeca\/faep-e-sindicato-rural-preparam-lideres\/","title":{"rendered":"Faep e Sindicato Rural preparam l\u00edderes"},"content":{"rendered":"<p>&nbsp;<span class=\"Apple-style-span\" style=\"color: rgb(51, 51, 51); font-family: Verdana; font-size: 10px; \">Cerca de 80 produtores rurais e l&iacute;deres sindicais se reuniram no Sindicato Rural de Paranava&iacute;, para participar do Semin&aacute;rio Mapa do Poder e Participa&ccedil;&atilde;o Pol&iacute;tica de Desenvolvimento Sindical, promovido em parceria com a Faep (Federa&ccedil;&atilde;o da Agricultura do Estado do Paran&aacute;).&nbsp;<\/p>\n<p>O evento integra o Programa de Desenvolvimento Sindical da Federa&ccedil;&atilde;o, que tem como objetivo orientar as lideran&ccedil;as em rela&ccedil;&atilde;o ao relacionamento com os poderes Executivo, Legislativo e Judici&aacute;rio, nas esferas federal, estadual e municipal, visando melhor adequa&ccedil;&atilde;o no trato dos tr&acirc;mites sindicais junto aos entes p&uacute;blicos.&nbsp;<\/p>\n<p>Jos&eacute; Carlos Gabardo, Coordenador do Departamento Sindical da Faep, explica que esse treinamento come&ccedil;ou a ser realizado no ano 2005, com a promo&ccedil;&atilde;o de semin&aacute;rios regionais &#8211; em parceria com o Sebrae.<\/p>\n<p>No in&iacute;cio, continha t&oacute;picos voltados &agrave; forma&ccedil;&atilde;o de lideran&ccedil;as e era dirigido somente a presidentes e diretores de sindicatos. Posteriormente, o programa foi sendo adequado, tendo sido reformulado e estendido a outras lideran&ccedil;as.&nbsp;<\/p>\n<p>Nesta etapa, apenas os Munic&iacute;pios de Paranava&iacute; e Cascavel est&atilde;o realizando os encontros. O programa prev&ecirc; dois semin&aacute;rios. O pr&oacute;ximo, que ainda n&atilde;o tem data prevista, abordar&aacute; o tema Estrutura de Mercado.<\/p>\n<p>De acordo com o ministrante do treinamento, o advogado e ex-procurador geral do Estado, e ex-procurador de justi&ccedil;a, Joel Coimbra, que &eacute; Mestre em Direito pela PUC e doutorando em Direito pela Universidade Museo Argentina, o que se espera a partir da promo&ccedil;&atilde;o desses encontros &eacute; contribuir para orientar o comportamento de lideran&ccedil;as em rela&ccedil;&atilde;o &agrave; tramita&ccedil;&atilde;o de suas reivindica&ccedil;&otilde;es junto a entes p&uacute;blicos.&nbsp;<\/p>\n<p>&ldquo;Nossa inten&ccedil;&atilde;o &eacute; mostrar-lhes os caminhos corretos a serem seguidos no momento de se encaminhar solicita&ccedil;&otilde;es, de modo que seus pedidos sejam transformados em programas de Governo&rdquo;, observa.<\/p>\n<p>De acordo com Coimbra, com a redemocratiza&ccedil;&atilde;o do Pa&iacute;s houve maior agu&ccedil;amento da consci&ecirc;ncia pol&iacute;tico-social, e o cidad&atilde;o passou a assumir posi&ccedil;&atilde;o mais participativa na sociedade, se impondo como fonte do poder do Estado.&nbsp;<\/p>\n<p>Ele lembra que a Constitui&ccedil;&atilde;o Brasileira confere essa caracter&iacute;stica aos cidad&atilde;os ao definir em seu texto que &ldquo;todo poder emana do povo&rdquo;. Ressalta, tamb&eacute;m, que a Constitui&ccedil;&atilde;o estabelece a liberdade de se associar, com amplo direito de participa&ccedil;&atilde;o, o que se efetiva pela possibilidade da popula&ccedil;&atilde;o interferir no processo legal por meio de instrumentos como projetos de lei de iniciativa popular, emendas ao or&ccedil;amento, e outros.<\/p>\n<p>Por&eacute;m, para o advogado, n&atilde;o basta que exista a possibilidade de interven&ccedil;&atilde;o do povo, &eacute; preciso que isso seja feito com crit&eacute;rios apropriados.&nbsp;<\/p>\n<p>&ldquo;Mesmo as a&ccedil;&otilde;es baseadas em lei precisam ter princ&iacute;pios t&eacute;cnicos. N&atilde;o se pode fazer de qualquer jeito. O cumprimento da lei tem que obedecer princ&iacute;pios para se evitar autoritarismos e desmandos. Nesse encontro, damos &ecirc;nfase a quest&otilde;es cotidianas, a partir de aplica&ccedil;&otilde;es pr&aacute;ticas da lei, que v&atilde;o orientar a a&ccedil;&atilde;o organizada dos l&iacute;deres&rdquo;, salienta.<\/p>\n<p>Na abertura do evento, o Presidente do Sindicato Rural de Paranava&iacute;, Ivo Pierin J&uacute;nior, parabenizou as pessoas que se dispuseram a deixar suas atividades para buscar conhecimentos, e assegurou aos presentes que o conte&uacute;do a ser estudado tornaria suas rotinas mais f&aacute;ceis. &ldquo;A a&ccedil;&atilde;o dos nossos governantes depende das nossas a&ccedil;&otilde;es, e interferem no nosso dia a dia&rdquo;, salientou. (Texto: Silvana Porto)<\/span><\/p>\n","protected":false},"excerpt":{"rendered":"<p>Cerca de 80 produtores rurais e l\u00edderes sindicais se reuniram no Sindicato Rural de Paranava\u00ed, para participar do Semin\u00e1rio Mapa do Poder e Participa\u00e7\u00e3o Pol\u00edtica de Desenvolvimento Sindical, promovido em parceria com a Faep (Federa\u00e7\u00e3o da Agricultura do Estado do Paran\u00e1). <\/p>\n<p>O evento integra o Programa de Desenvolvimento Sindical da Federa\u00e7\u00e3o, que tem como objetivo orientar as lideran\u00e7as em rela\u00e7\u00e3o ao relacionamento com os poderes Executivo, Legislativo e Judici\u00e1rio, nas esferas federal, estadual e municipal, visando melhor adequa\u00e7\u00e3o no trato dos tr\u00e2mites sindicais junto aos entes p\u00fablicos.<\/p>\n","protected":false},"author":1,"featured_media":28501,"comment_status":"open","ping_status":"open","sticky":false,"template":"","format":"standard","meta":{"footnotes":""},"categories":[1],"tags":[6813],"class_list":["post-28502","post","type-post","status-publish","format-standard","has-post-thumbnail","hentry","category-noticias-zeca-dirceu","tag-sindicato-rural-paranavai"],"_links":{"self":[{"href":"https:\/\/teste.bsb.br\/zeca\/wp-json\/wp\/v2\/posts\/28502","targetHints":{"allow":["GET"]}}],"collection":[{"href":"https:\/\/teste.bsb.br\/zeca\/wp-json\/wp\/v2\/posts"}],"about":[{"href":"https:\/\/teste.bsb.br\/zeca\/wp-json\/wp\/v2\/types\/post"}],"author":[{"embeddable":true,"href":"https:\/\/teste.bsb.br\/zeca\/wp-json\/wp\/v2\/users\/1"}],"replies":[{"embeddable":true,"href":"https:\/\/teste.bsb.br\/zeca\/wp-json\/wp\/v2\/comments?post=28502"}],"version-history":[{"count":0,"href":"https:\/\/teste.bsb.br\/zeca\/wp-json\/wp\/v2\/posts\/28502\/revisions"}],"wp:featuredmedia":[{"embeddable":true,"href":"https:\/\/teste.bsb.br\/zeca\/wp-json\/wp\/v2\/media\/28501"}],"wp:attachment":[{"href":"https:\/\/teste.bsb.br\/zeca\/wp-json\/wp\/v2\/media?parent=28502"}],"wp:term":[{"taxonomy":"category","embeddable":true,"href":"https:\/\/teste.bsb.br\/zeca\/wp-json\/wp\/v2\/categories?post=28502"},{"taxonomy":"post_tag","embeddable":true,"href":"https:\/\/teste.bsb.br\/zeca\/wp-json\/wp\/v2\/tags?post=28502"}],"curies":[{"name":"wp","href":"https:\/\/api.w.org\/{rel}","templated":true}]}}