{"id":28478,"date":"2011-09-06T00:00:00","date_gmt":"2011-09-06T03:00:00","guid":{"rendered":"https:\/\/www.zecadirceu.com.br\/encontros-setoriais-estaduais-militantes-tem-ate-dia-9-para-se-inscrever\/"},"modified":"2011-09-06T00:00:00","modified_gmt":"2011-09-06T03:00:00","slug":"encontros-setoriais-estaduais-militantes-tem-ate-dia-9-para-se-inscrever","status":"publish","type":"post","link":"https:\/\/teste.bsb.br\/zeca\/encontros-setoriais-estaduais-militantes-tem-ate-dia-9-para-se-inscrever\/","title":{"rendered":"Encontros Setoriais Estaduais: militantes tem at\u00e9 dia 9 para se inscrever"},"content":{"rendered":"<p><span class=\"Apple-style-span\" style=\"color: rgb(113, 112, 112); font-family: verdana, sans-serif; line-height: 18px; \"><\/p>\n<div style=\"padding-top: 0px; padding-right: 0px; padding-bottom: 0px; padding-left: 0px; margin-top: 0px; margin-right: 0px; margin-bottom: 0px; margin-left: 0px; \">O PT Paran&aacute; vai realizar em outubro os Encontros Setoriais Estaduais. Os encontros v&atilde;o debater e deliberar sobre as pol&iacute;ticas espec&iacute;ficas de cada Setorial, al&eacute;m de eleger os Coletivos e os(as) Secret&aacute;rios(as) ou Coordenadores(as) Setoriais. Nas reuni&otilde;es tamb&eacute;m ser&atilde;o definidos os delegados que v&atilde;o representar o Paran&aacute; nos encontros nacionais.<\/div>\n<div style=\"padding-top: 0px; padding-right: 0px; padding-bottom: 0px; padding-left: 0px; margin-top: 0px; margin-right: 0px; margin-bottom: 0px; margin-left: 0px; \">&nbsp;<\/div>\n<div style=\"padding-top: 0px; padding-right: 0px; padding-bottom: 0px; padding-left: 0px; margin-top: 0px; margin-right: 0px; margin-bottom: 0px; margin-left: 0px; \">Para participar dos encontros, cada filiado ter&aacute; que fazer sua op&ccedil;&atilde;o setorial at&eacute; o dia&nbsp;<b style=\"padding-top: 0px; padding-right: 0px; padding-bottom: 0px; padding-left: 0px; margin-top: 0px; margin-right: 0px; margin-bottom: 0px; margin-left: 0px; \">9 de setembro<\/b>. Quem atua em mais de um setorial ter&aacute; que escolher por apenas um para participar. Apenas os militantes inscritos dentro do prazo poder&atilde;o votar, uma vez que a lista de vota&ccedil;&atilde;o ser&aacute; feita pelo PT Nacional.<\/div>\n<div style=\"padding-top: 0px; padding-right: 0px; padding-bottom: 0px; padding-left: 0px; margin-top: 0px; margin-right: 0px; margin-bottom: 0px; margin-left: 0px; \">&nbsp;<\/div>\n<div style=\"padding-top: 0px; padding-right: 0px; padding-bottom: 0px; padding-left: 0px; margin-top: 0px; margin-right: 0px; margin-bottom: 0px; margin-left: 0px; \">O PT Paran&aacute; criou um hotsite para que os filiados recebam orienta&ccedil;&otilde;es e possam se inscrever para participar dos encontros. Acesse&nbsp;<a href=\"http:\/\/www.pt-pr.org.br\/encontrosetoriais\/\" style=\"padding-top: 0px; padding-right: 0px; padding-bottom: 0px; padding-left: 0px; margin-top: 0px; margin-right: 0px; margin-bottom: 0px; margin-left: 0px; font: normal normal normal 12px\/18px verdana, sans-serif; color: rgb(113, 112, 112); font-weight: bold; text-decoration: none; \">www.pt-pr.org.br\/encontrosetoriais<\/a>ou, se preferir,&nbsp;<a href=\"http:\/\/www.pt-pr.org.br\/encontrosetoriais\/opcao_setorial.asp\" style=\"padding-top: 0px; padding-right: 0px; padding-bottom: 0px; padding-left: 0px; margin-top: 0px; margin-right: 0px; margin-bottom: 0px; margin-left: 0px; font: normal normal normal 12px\/18px verdana, sans-serif; color: rgb(113, 112, 112); font-weight: bold; text-decoration: none; \">clique aqui<\/a>&nbsp;para ir diretamente para p&aacute;gina com o formul&aacute;rio de escolha do setorial.<br \/>\n&nbsp;<\/div>\n<p><\/span>&nbsp;<span class=\"Apple-style-span\" style=\"color: rgb(113, 112, 112); font-family: verdana, sans-serif; line-height: 18px; \"><span class=\"Apple-style-span\" style=\"font-size: 10px; \">PT Paran&aacute;<\/span><\/span><\/p>\n","protected":false},"excerpt":{"rendered":"<p>O PT Paran\u00e1 vai realizar em outubro os Encontros Setoriais Estaduais. Os encontros v\u00e3o debater e deliberar sobre as pol\u00edticas espec\u00edficas de cada Setorial, al\u00e9m de eleger os Coletivos e os(as) Secret\u00e1rios(as) ou Coordenadores(as) Setoriais. Nas reuni\u00f5es tamb\u00e9m ser\u00e3o definidos os delegados que v\u00e3o representar o Paran\u00e1 nos encontros nacionais.<\/p>\n<p>Para participar dos encontros, cada filiado ter\u00e1 que fazer sua op\u00e7\u00e3o setorial at\u00e9 o dia 9 de setembro.<\/p>\n","protected":false},"author":1,"featured_media":28477,"comment_status":"open","ping_status":"open","sticky":false,"template":"","format":"standard","meta":{"footnotes":""},"categories":[1],"tags":[6806],"class_list":["post-28478","post","type-post","status-publish","format-standard","has-post-thumbnail","hentry","category-noticias-zeca-dirceu","tag-encontros-setoriais"],"_links":{"self":[{"href":"https:\/\/teste.bsb.br\/zeca\/wp-json\/wp\/v2\/posts\/28478","targetHints":{"allow":["GET"]}}],"collection":[{"href":"https:\/\/teste.bsb.br\/zeca\/wp-json\/wp\/v2\/posts"}],"about":[{"href":"https:\/\/teste.bsb.br\/zeca\/wp-json\/wp\/v2\/types\/post"}],"author":[{"embeddable":true,"href":"https:\/\/teste.bsb.br\/zeca\/wp-json\/wp\/v2\/users\/1"}],"replies":[{"embeddable":true,"href":"https:\/\/teste.bsb.br\/zeca\/wp-json\/wp\/v2\/comments?post=28478"}],"version-history":[{"count":0,"href":"https:\/\/teste.bsb.br\/zeca\/wp-json\/wp\/v2\/posts\/28478\/revisions"}],"wp:featuredmedia":[{"embeddable":true,"href":"https:\/\/teste.bsb.br\/zeca\/wp-json\/wp\/v2\/media\/28477"}],"wp:attachment":[{"href":"https:\/\/teste.bsb.br\/zeca\/wp-json\/wp\/v2\/media?parent=28478"}],"wp:term":[{"taxonomy":"category","embeddable":true,"href":"https:\/\/teste.bsb.br\/zeca\/wp-json\/wp\/v2\/categories?post=28478"},{"taxonomy":"post_tag","embeddable":true,"href":"https:\/\/teste.bsb.br\/zeca\/wp-json\/wp\/v2\/tags?post=28478"}],"curies":[{"name":"wp","href":"https:\/\/api.w.org\/{rel}","templated":true}]}}