{"id":28468,"date":"2011-09-06T00:00:00","date_gmt":"2011-09-06T03:00:00","guid":{"rendered":"https:\/\/www.zecadirceu.com.br\/abertas-inscricoes-para-o-programa-de-melhoria-de-acesso-da-qualidade-da-atencao-basica\/"},"modified":"2011-09-06T00:00:00","modified_gmt":"2011-09-06T03:00:00","slug":"abertas-inscricoes-para-o-programa-de-melhoria-de-acesso-da-qualidade-da-atencao-basica","status":"publish","type":"post","link":"https:\/\/teste.bsb.br\/zeca\/abertas-inscricoes-para-o-programa-de-melhoria-de-acesso-da-qualidade-da-atencao-basica\/","title":{"rendered":"Abertas inscri\u00e7\u00f5es para o Programa de Melhoria de Acesso da Qualidade da Aten\u00e7\u00e3o B\u00e1sica"},"content":{"rendered":"<p>&nbsp;O deputado federal Zeca Dirceu informa que os munic&iacute;pios j&aacute; podem se inscreverem na primeira fase do Programa de Melhoria de Acesso da Qualidade da Aten&ccedil;&atilde;o B&aacute;sica, lan&ccedil;ado em julho pelo Minist&eacute;rio da Sa&uacute;de. Segundo o deputado, esta iniciativa refor&ccedil;a o compromisso do Governo com a Sa&uacute;de P&uacute;blica.<\/p>\n<p class=\"MsoNormal\"><span>&nbsp;<\/span>Zeca explicou que assim que o munic&iacute;pio concretizar sua ades&atilde;o, ao Programa, receber&aacute; 20%<span>&nbsp; <\/span>do componente de qualidade do Programa de Melhoria de Acesso da Qualidade da Aten&ccedil;&atilde;o B&aacute;sica, o que representa um valor adicional de at&eacute; R$1,7 mil por equipe a cada m&ecirc;s.<\/p>\n<p class=\"MsoNormal\">&ldquo;&Eacute; um grande passo para quem atende a causa municipalista, como eu. Com isso, a presidenta Dilma cumpre um compromisso que fez durante a grande marcha dos prefeitos, em Bras&iacute;lia, quando se comprometeu a fazer investimentos adicionais para os munic&iacute;pios&rdquo; esclareceu o deputado.<\/p>\n<p class=\"MsoNormal\">S&oacute; em 2011 ser&atilde;o destinados R$ 104 milh&otilde;es para o Programa. A expectativa &eacute; que em 2012 sejam aplicados R$ 900 milh&otilde;es.&nbsp;<\/p>\n","protected":false},"excerpt":{"rendered":"<p>O deputado federal Zeca Dirceu informa que os munic\u00edpios j\u00e1 podem se inscreverem na primeira fase do Programa de Melhoria de Acesso da Qualidade da Aten\u00e7\u00e3o B\u00e1sica, lan\u00e7ado em julho pelo Minist\u00e9rio da Sa\u00fade. Segundo o deputado, esta iniciativa refor\u00e7a o compromisso do Governo com a Sa\u00fade P\u00fablica.<br \/>\n Zeca explicou que assim que o munic\u00edpio concretizar sua ades\u00e3o, ao Programa, receber\u00e1 20%  do componente de qualidade do Programa de Melhoria de Acesso da Qualidade da Aten\u00e7\u00e3o B\u00e1sica, o que representa um valor adicional de at\u00e9 R$1,7 mil por equipe a cada m\u00eas.<\/p>\n","protected":false},"author":1,"featured_media":28467,"comment_status":"open","ping_status":"open","sticky":false,"template":"","format":"standard","meta":{"footnotes":""},"categories":[1],"tags":[6804],"class_list":["post-28468","post","type-post","status-publish","format-standard","has-post-thumbnail","hentry","category-noticias-zeca-dirceu","tag-inscricoes-programas"],"_links":{"self":[{"href":"https:\/\/teste.bsb.br\/zeca\/wp-json\/wp\/v2\/posts\/28468","targetHints":{"allow":["GET"]}}],"collection":[{"href":"https:\/\/teste.bsb.br\/zeca\/wp-json\/wp\/v2\/posts"}],"about":[{"href":"https:\/\/teste.bsb.br\/zeca\/wp-json\/wp\/v2\/types\/post"}],"author":[{"embeddable":true,"href":"https:\/\/teste.bsb.br\/zeca\/wp-json\/wp\/v2\/users\/1"}],"replies":[{"embeddable":true,"href":"https:\/\/teste.bsb.br\/zeca\/wp-json\/wp\/v2\/comments?post=28468"}],"version-history":[{"count":0,"href":"https:\/\/teste.bsb.br\/zeca\/wp-json\/wp\/v2\/posts\/28468\/revisions"}],"wp:featuredmedia":[{"embeddable":true,"href":"https:\/\/teste.bsb.br\/zeca\/wp-json\/wp\/v2\/media\/28467"}],"wp:attachment":[{"href":"https:\/\/teste.bsb.br\/zeca\/wp-json\/wp\/v2\/media?parent=28468"}],"wp:term":[{"taxonomy":"category","embeddable":true,"href":"https:\/\/teste.bsb.br\/zeca\/wp-json\/wp\/v2\/categories?post=28468"},{"taxonomy":"post_tag","embeddable":true,"href":"https:\/\/teste.bsb.br\/zeca\/wp-json\/wp\/v2\/tags?post=28468"}],"curies":[{"name":"wp","href":"https:\/\/api.w.org\/{rel}","templated":true}]}}