{"id":28462,"date":"2011-09-07T00:00:00","date_gmt":"2011-09-07T03:00:00","guid":{"rendered":"https:\/\/www.zecadirceu.com.br\/em-paranavai-comemoro-o-dia-da-independencia-2\/"},"modified":"2011-09-07T00:00:00","modified_gmt":"2011-09-07T03:00:00","slug":"em-paranavai-comemoro-o-dia-da-independencia-2","status":"publish","type":"post","link":"https:\/\/teste.bsb.br\/zeca\/em-paranavai-comemoro-o-dia-da-independencia-2\/","title":{"rendered":"Em Paranava\u00ed, comemoro o Dia da Independ\u00eancia"},"content":{"rendered":"<p>&nbsp;<span class=\"Apple-style-span\" style=\"font-size: 13px; \"><span class=\"Apple-style-span\" style=\"font-family: verdana, sans-serif; \">Estou neste momento em Paranava&iacute;, participando do desfile c&iacute;vico-militar em comemora&ccedil;&atilde;o ao Dia da Independ&ecirc;ncia. Ao meu lado no palanque est&atilde;o o prefeito Rog&eacute;rio Lorenzetti, o deputado estadual Teruo Kato e dezenas de autoridades civis, militares e eclesi&aacute;sticas. &Eacute; uma emo&ccedil;&atilde;o muito grande ver o envolvimento da popula&ccedil;&atilde;o com as comemora&ccedil;&otilde;es da Independ&ecirc;ncia. Milhares de pessoas participam das comemora&ccedil;&otilde;es e aplaudem a passagem das corpora&ccedil;&otilde;es militares, das escolas e demais entidades representativas da sociedade paranavaiense.<\/span><\/p>\n<div style=\"font-family: arial, sans-serif; \">&nbsp;<\/div>\n<div style=\"font-family: arial, sans-serif; \"><font face=\"verdana,sans-serif\">Ainda antes do in&iacute;cio do desfile, estive na 93,3 FM e participei do Jornal da Rede, ao lado dos amigos Valderci Silva e&nbsp;Rildo Vieira. Falei sobre os avan&ccedil;os que o Brasil conquistou na &uacute;ltima d&eacute;cada e sobre as boas expectativas para os pr&oacute;ximos anos, com o governo da presidenta Dilma tomando as medidas necess&aacute;rias para manter o pa&iacute;s afastado da crise que toma conta de diversos pa&iacute;ses ao redor do globo. Falei tamb&eacute;m sobre as conquistas que tivemos para Paranava&iacute; e regi&atilde;o, e mais uma vez reafirmei meu compromisso com o desenvolvimento do Paran&aacute;.<\/font><\/div>\n<p><\/span><\/p>\n","protected":false},"excerpt":{"rendered":"<p>Estou neste momento em Paranava\u00ed, participando do desfile c\u00edvico-militar em comemora\u00e7\u00e3o ao Dia da Independ\u00eancia. Ao meu lado no palanque est\u00e3o o prefeito Rog\u00e9rio Lorenzetti, o deputado estadual Teruo Kato e dezenas de autoridades civis, militares e eclesi\u00e1sticas. \u00c9 uma emo\u00e7\u00e3o muito grande ver o envolvimento da popula\u00e7\u00e3o com as comemora\u00e7\u00f5es da Independ\u00eancia. Milhares de pessoas participam das comemora\u00e7\u00f5es e aplaudem a passagem das corpora\u00e7\u00f5es militares, das escolas e demais entidades representativas da sociedade paranavaiense.<\/p>\n","protected":false},"author":1,"featured_media":28461,"comment_status":"open","ping_status":"open","sticky":false,"template":"","format":"standard","meta":{"footnotes":""},"categories":[1],"tags":[6802],"class_list":["post-28462","post","type-post","status-publish","format-standard","has-post-thumbnail","hentry","category-noticias-zeca-dirceu","tag-dia-independencia"],"_links":{"self":[{"href":"https:\/\/teste.bsb.br\/zeca\/wp-json\/wp\/v2\/posts\/28462","targetHints":{"allow":["GET"]}}],"collection":[{"href":"https:\/\/teste.bsb.br\/zeca\/wp-json\/wp\/v2\/posts"}],"about":[{"href":"https:\/\/teste.bsb.br\/zeca\/wp-json\/wp\/v2\/types\/post"}],"author":[{"embeddable":true,"href":"https:\/\/teste.bsb.br\/zeca\/wp-json\/wp\/v2\/users\/1"}],"replies":[{"embeddable":true,"href":"https:\/\/teste.bsb.br\/zeca\/wp-json\/wp\/v2\/comments?post=28462"}],"version-history":[{"count":0,"href":"https:\/\/teste.bsb.br\/zeca\/wp-json\/wp\/v2\/posts\/28462\/revisions"}],"wp:featuredmedia":[{"embeddable":true,"href":"https:\/\/teste.bsb.br\/zeca\/wp-json\/wp\/v2\/media\/28461"}],"wp:attachment":[{"href":"https:\/\/teste.bsb.br\/zeca\/wp-json\/wp\/v2\/media?parent=28462"}],"wp:term":[{"taxonomy":"category","embeddable":true,"href":"https:\/\/teste.bsb.br\/zeca\/wp-json\/wp\/v2\/categories?post=28462"},{"taxonomy":"post_tag","embeddable":true,"href":"https:\/\/teste.bsb.br\/zeca\/wp-json\/wp\/v2\/tags?post=28462"}],"curies":[{"name":"wp","href":"https:\/\/api.w.org\/{rel}","templated":true}]}}