{"id":28458,"date":"2011-09-07T00:00:00","date_gmt":"2011-09-07T03:00:00","guid":{"rendered":"https:\/\/www.zecadirceu.com.br\/pronunciamento-da-presidenta-dilma-rousseff\/"},"modified":"2011-09-07T00:00:00","modified_gmt":"2011-09-07T03:00:00","slug":"pronunciamento-da-presidenta-dilma-rousseff","status":"publish","type":"post","link":"https:\/\/teste.bsb.br\/zeca\/pronunciamento-da-presidenta-dilma-rousseff\/","title":{"rendered":"Pronunciamento da presidenta Dilma Rousseff"},"content":{"rendered":"<p>&nbsp;<span class=\"Apple-style-span\" style=\"color: rgb(41, 41, 41); font-family: Arial, Helvetica, sans-serif; line-height: 19px; \"><\/p>\n<h3 class=\"tileHeadline first-child\" style=\"margin-top: 0px; margin-right: 0px; margin-bottom: 0px; margin-left: 0px; padding-top: 0px; padding-right: 0px; padding-bottom: 0px; padding-left: 0px; font-size: 1.3em; font-family: Arial, Verdana, sans-serif !important; font-weight: bold; color: rgb(41, 41, 41); line-height: 1.5em; letter-spacing: 0px; \"><a href=\"http:\/\/www2.planalto.gov.br\/multimidia\/galeria-de-videos\/video-do-pronunciamento-a-nacao-da-presidenta-da-republica-dilma-rousseff-em-cadeia-nacional-de-radio-e-tv-por-ocasiao-das-comemoracoes-do-dia-7-de-setembro\" class=\"summary url first-child last-child\" style=\"margin-top: 0px; margin-right: 0px; margin-bottom: 0px; margin-left: 0px; padding-top: 0px; padding-right: 0px; padding-bottom: 0px; padding-left: 0px; outline-style: none; outline-width: initial; outline-color: initial; border-bottom-style: solid; border-bottom-width: 0.1em; border-bottom-color: rgb(204, 204, 204); text-decoration: none; color: rgb(32, 92, 144); font-size: 12px; \"><span class=\"first-child last-child\" style=\"margin-top: 0px; margin-right: 0px; margin-bottom: 0px; margin-left: 0px; padding-top: 0px; padding-right: 0px; padding-bottom: 0px; padding-left: 0px; \">V&iacute;deo do pronunciamento &agrave; Na&ccedil;&atilde;o da Presidenta da Rep&uacute;blica, Dilma Rousseff, em cadeia nacional de r&aacute;dio e TV, por ocasi&atilde;o das comemora&ccedil;&otilde;es do Sete de Setembro<\/span><\/a><\/h3>\n<p><\/span><\/p>\n","protected":false},"excerpt":{"rendered":"<p>V\u00eddeo do pronunciamento \u00e0 Na\u00e7\u00e3o da Presidenta da Rep\u00fablica, Dilma Rousseff, em cadeia nacional de r\u00e1dio e TV, por ocasi\u00e3o das comemora\u00e7\u00f5es do Sete de Setembro<\/p>\n","protected":false},"author":1,"featured_media":28457,"comment_status":"open","ping_status":"open","sticky":false,"template":"","format":"standard","meta":{"footnotes":""},"categories":[1],"tags":[6801],"class_list":["post-28458","post","type-post","status-publish","format-standard","has-post-thumbnail","hentry","category-noticias-zeca-dirceu","tag-pronunciamento-presidenta"],"_links":{"self":[{"href":"https:\/\/teste.bsb.br\/zeca\/wp-json\/wp\/v2\/posts\/28458","targetHints":{"allow":["GET"]}}],"collection":[{"href":"https:\/\/teste.bsb.br\/zeca\/wp-json\/wp\/v2\/posts"}],"about":[{"href":"https:\/\/teste.bsb.br\/zeca\/wp-json\/wp\/v2\/types\/post"}],"author":[{"embeddable":true,"href":"https:\/\/teste.bsb.br\/zeca\/wp-json\/wp\/v2\/users\/1"}],"replies":[{"embeddable":true,"href":"https:\/\/teste.bsb.br\/zeca\/wp-json\/wp\/v2\/comments?post=28458"}],"version-history":[{"count":0,"href":"https:\/\/teste.bsb.br\/zeca\/wp-json\/wp\/v2\/posts\/28458\/revisions"}],"wp:featuredmedia":[{"embeddable":true,"href":"https:\/\/teste.bsb.br\/zeca\/wp-json\/wp\/v2\/media\/28457"}],"wp:attachment":[{"href":"https:\/\/teste.bsb.br\/zeca\/wp-json\/wp\/v2\/media?parent=28458"}],"wp:term":[{"taxonomy":"category","embeddable":true,"href":"https:\/\/teste.bsb.br\/zeca\/wp-json\/wp\/v2\/categories?post=28458"},{"taxonomy":"post_tag","embeddable":true,"href":"https:\/\/teste.bsb.br\/zeca\/wp-json\/wp\/v2\/tags?post=28458"}],"curies":[{"name":"wp","href":"https:\/\/api.w.org\/{rel}","templated":true}]}}