{"id":28454,"date":"2011-09-07T00:00:00","date_gmt":"2011-09-07T03:00:00","guid":{"rendered":"https:\/\/www.zecadirceu.com.br\/lula-recebe-premio-na-polonia-por-respaldo-a-liberdade-e-democracia\/"},"modified":"2011-09-07T00:00:00","modified_gmt":"2011-09-07T03:00:00","slug":"lula-recebe-premio-na-polonia-por-respaldo-a-liberdade-e-democracia","status":"publish","type":"post","link":"https:\/\/teste.bsb.br\/zeca\/lula-recebe-premio-na-polonia-por-respaldo-a-liberdade-e-democracia\/","title":{"rendered":"Lula recebe pr\u00eamio na Pol\u00f4nia por respaldo \u00e0 liberdade e democracia"},"content":{"rendered":"<p>&nbsp;O ex-presidente Luiz In&aacute;cio Lula da Silva foi agraciado com o pr&ecirc;mio &quot;Lech Walesa&quot;, criado em 2008 para reconhecer personalidades destacadas por seu respaldo &agrave; liberdade, democracia e coopera&ccedil;&atilde;o internacional.<\/p>\n<p class=\"MsoNormal\"><o:p><\/o:p><\/p>\n<p class=\"MsoNormal\">O brasileiro receber&aacute; o pr&ecirc;mio em cerim&ocirc;nia que acontecer&aacute; no pr&oacute;ximo dia 29 de setembro na cidade de Gdansk, no norte da Pol&ocirc;nia, segundo a Funda&ccedil;&atilde;o Lech Walesa confirmou nesta quarta-feira &agrave; Ag&ecirc;ncia Efe.<o:p><\/o:p><\/p>\n<p class=\"MsoNormal\">Lula expressou seu agradecimento &agrave; funda&ccedil;&atilde;o polonesa e disse que considera o pr&ecirc;mio como um reconhecimento n&atilde;o s&oacute; de suas conquistas pessoais, mas tamb&eacute;m do povo brasileiro, que nos &uacute;ltimos oito anos mostrou como &eacute; poss&iacute;vel realizar uma transi&ccedil;&atilde;o econ&ocirc;mica e social de forma pac&iacute;fica e democr&aacute;tica.<o:p><\/o:p><\/p>\n<p class=\"MsoNormal\">Por sua parte, o ex-presidente polon&ecirc;s Lech Walesa lembrou que, embora Lula tenha &quot;ra&iacute;zes ideol&oacute;gicas diferentes&quot;, compartilha com ele uma origem sindical e a realiza&ccedil;&atilde;o de mudan&ccedil;as excepcionais em seus respectivos pa&iacute;ses.<o:p><\/o:p><\/p>\n<p class=\"MsoNormal\">Walesa fundou seu pr&ecirc;mio em 2008, 25 anos ap&oacute;s ter sido agraciado com o Nobel da Paz por sua luta contra o comunismo e pelo advento da democracia na Pol&ocirc;nia. A funda&ccedil;&atilde;o polonesa premia o vencedor com US$ 100 mil.<o:p><\/o:p><\/p>\n<p class=\"MsoNormal\">Em 1990, ap&oacute;s protagonizar numerosos protestos e p&ocirc;r em xeque o Governo comunista polon&ecirc;s, a queda do muro de Berlim abriu as portas da democracia na Pol&ocirc;nia, onde Lech Walesa se tornou o primeiro presidente eleito livremente pelos cidad&atilde;os desde a Segunda Guerra Mundial.<\/p>\n<p class=\"MsoNormal\">\nFonte: <em><span style=\"font-size:8.5pt;line-height:115%;\nfont-family:&quot;Arial&quot;,&quot;sans-serif&quot;;color:#134D86;text-transform:uppercase;\nborder:none windowtext 1.0pt;mso-border-alt:none windowtext 0cm;padding:0cm;\nfont-style:normal\">EFE<\/span> \/ Gazeta do povo<\/em><\/p>\n","protected":false},"excerpt":{"rendered":"<p>O ex-presidente Luiz In\u00e1cio Lula da Silva foi agraciado com o pr\u00eamio &#8220;Lech Walesa&#8221;, criado em 2008 para reconhecer personalidades destacadas por seu respaldo \u00e0 liberdade, democracia e coopera\u00e7\u00e3o internacional.<br \/>\nO brasileiro receber\u00e1 o pr\u00eamio em cerim\u00f4nia que acontecer\u00e1 no pr\u00f3ximo dia 29 de setembro na cidade de Gdansk, no norte da Pol\u00f4nia, segundo a Funda\u00e7\u00e3o Lech Walesa confirmou nesta quarta-feira \u00e0 Ag\u00eancia Efe.<\/p>\n","protected":false},"author":1,"featured_media":28453,"comment_status":"open","ping_status":"open","sticky":false,"template":"","format":"standard","meta":{"footnotes":""},"categories":[1],"tags":[170],"class_list":["post-28454","post","type-post","status-publish","format-standard","has-post-thumbnail","hentry","category-noticias-zeca-dirceu","tag-lula"],"_links":{"self":[{"href":"https:\/\/teste.bsb.br\/zeca\/wp-json\/wp\/v2\/posts\/28454","targetHints":{"allow":["GET"]}}],"collection":[{"href":"https:\/\/teste.bsb.br\/zeca\/wp-json\/wp\/v2\/posts"}],"about":[{"href":"https:\/\/teste.bsb.br\/zeca\/wp-json\/wp\/v2\/types\/post"}],"author":[{"embeddable":true,"href":"https:\/\/teste.bsb.br\/zeca\/wp-json\/wp\/v2\/users\/1"}],"replies":[{"embeddable":true,"href":"https:\/\/teste.bsb.br\/zeca\/wp-json\/wp\/v2\/comments?post=28454"}],"version-history":[{"count":0,"href":"https:\/\/teste.bsb.br\/zeca\/wp-json\/wp\/v2\/posts\/28454\/revisions"}],"wp:featuredmedia":[{"embeddable":true,"href":"https:\/\/teste.bsb.br\/zeca\/wp-json\/wp\/v2\/media\/28453"}],"wp:attachment":[{"href":"https:\/\/teste.bsb.br\/zeca\/wp-json\/wp\/v2\/media?parent=28454"}],"wp:term":[{"taxonomy":"category","embeddable":true,"href":"https:\/\/teste.bsb.br\/zeca\/wp-json\/wp\/v2\/categories?post=28454"},{"taxonomy":"post_tag","embeddable":true,"href":"https:\/\/teste.bsb.br\/zeca\/wp-json\/wp\/v2\/tags?post=28454"}],"curies":[{"name":"wp","href":"https:\/\/api.w.org\/{rel}","templated":true}]}}