{"id":28434,"date":"2011-09-08T00:00:00","date_gmt":"2011-09-08T03:00:00","guid":{"rendered":"https:\/\/www.zecadirceu.com.br\/liderancas-querem-gerencia-do-inss-para-beltrao\/"},"modified":"2011-09-08T00:00:00","modified_gmt":"2011-09-08T03:00:00","slug":"liderancas-querem-gerencia-do-inss-para-beltrao","status":"publish","type":"post","link":"https:\/\/teste.bsb.br\/zeca\/liderancas-querem-gerencia-do-inss-para-beltrao\/","title":{"rendered":"Lideran\u00e7as querem ger\u00eancia do INSS para Beltr\u00e3o"},"content":{"rendered":"<p>&nbsp;<span class=\"Apple-style-span\" style=\"color: rgb(51, 51, 51); font-family: Tahoma, Geneva, sans-serif; \">Em Bras&iacute;lia, na &uacute;ltima sexta feira, em audi&ecirc;ncia realizada no Minist&eacute;rio da Previd&ecirc;ncia Social, lideran&ccedil;as do Sudoeste &mdash; entre as quais Eduardo Scirea e Irineu Miller, acompanhados do deputado federal do PT&nbsp; Zeca Dirceu e tamb&eacute;m da deputada estadual Luciana Rafagnin &mdash; justificaram e solicitaram a instala&ccedil;&atilde;o de uma ger&ecirc;ncia executiva do INSS em Francisco Beltr&atilde;o. <\/p>\n<p>Hoje a Regi&atilde;o Sudoeste possui oito ag&ecirc;ncias da Previd&ecirc;ncia, todas vinculadas &agrave; ger&ecirc;ncia de Cascavel que tamb&eacute;m atende toda a regi&atilde;o Oeste do Estado. A descentraliza&ccedil;&atilde;o atrav&eacute;s da instala&ccedil;&atilde;o de uma ger&ecirc;ncia em Francisco Beltr&atilde;o trar&aacute; muitos benef&iacute;cios para os segurados da previd&ecirc;ncia uma vez que muitos procedimentos s&atilde;o realizados somente na sede da ger&ecirc;ncia, que fica a uma dist&acirc;ncia m&eacute;dia do Sudoeste de 200 km. <\/p>\n<p>Um dos pontos questionados pelos sudoestinos foi o servi&ccedil;o de reabilita&ccedil;&atilde;o profissional nas ag&ecirc;ncias do INSS e confirmado pelos pr&oacute;prios n&uacute;meros do Minist&eacute;rio, ou seja: de janeiro a julho desse ano foram realizados somente 114 atendimentos em toda a regi&atilde;o. Francisco Beltr&atilde;o realizou 17, em Dois Vizinhos somente um. A equipe do INSS informou que n&atilde;o possui contingente suficiente de profissionais para montar as equipes completas nas ag&ecirc;ncias, o que faz somente nas ger&ecirc;ncias. <\/p>\n<p>Os representantes do INSS atrav&eacute;s da dra. T&acirc;nia Marinita Martins Silva e de Leila Silva Cannalonga,&nbsp; da Coordena&ccedil;&atilde;o de Reabilita&ccedil;&atilde;o Profissional, v&atilde;o analisar essa demanda, especialmente quando ser&atilde;o contratados os novos servidores do concurso em andamento. Quanto &agrave; instala&ccedil;&atilde;o da ger&ecirc;ncia ficou deliberada a realiza&ccedil;&atilde;o de um levantamento da viabilidade de instala&ccedil;&atilde;o, principalmente depois das informa&ccedil;&otilde;es apresentadas pela comitiva.<\/p>\n<p>Fonte:&nbsp;<a href=\"http:\/\/www.tosabendo.com\/conteudo\/noticia-ver.asp?id=136709\">http:\/\/www.tosabendo.com\/conteudo\/noticia-ver.asp?id=136709<\/a><br type=\"_moz\" \/><br \/>\n<\/span><\/p>\n","protected":false},"excerpt":{"rendered":"<p>Em Bras\u00edlia, na \u00faltima sexta feira, em audi\u00eancia realizada no Minist\u00e9rio da Previd\u00eancia Social, lideran\u00e7as do Sudoeste \u2014 entre as quais Eduardo Scirea e Irineu Miller, acompanhados do deputado federal do PT  Zeca Dirceu e tamb\u00e9m da deputada estadual Luciana Rafagnin \u2014 justificaram e solicitaram a instala\u00e7\u00e3o de uma ger\u00eancia executiva do INSS em Francisco Beltr\u00e3o. <\/p>\n<p>Hoje a Regi\u00e3o Sudoeste possui oito ag\u00eancias da Previd\u00eancia, todas vinculadas \u00e0 ger\u00eancia de Cascavel que tamb\u00e9m atende toda a regi\u00e3o Oeste do Estado. A descentraliza\u00e7\u00e3o atrav\u00e9s da instala\u00e7\u00e3o de uma ger\u00eancia em Francisco Beltr\u00e3o trar\u00e1 muitos benef\u00edcios para os segurados da previd\u00eancia uma vez que muitos procedimentos s\u00e3o realizados somente na sede da ger\u00eancia, que fica a uma dist\u00e2ncia m\u00e9dia do Sudoeste de 200 km.<\/p>\n","protected":false},"author":1,"featured_media":28433,"comment_status":"open","ping_status":"open","sticky":false,"template":"","format":"standard","meta":{"footnotes":""},"categories":[1],"tags":[6792],"class_list":["post-28434","post","type-post","status-publish","format-standard","has-post-thumbnail","hentry","category-noticias-zeca-dirceu","tag-previdencia-social-inss-sudoeste"],"_links":{"self":[{"href":"https:\/\/teste.bsb.br\/zeca\/wp-json\/wp\/v2\/posts\/28434","targetHints":{"allow":["GET"]}}],"collection":[{"href":"https:\/\/teste.bsb.br\/zeca\/wp-json\/wp\/v2\/posts"}],"about":[{"href":"https:\/\/teste.bsb.br\/zeca\/wp-json\/wp\/v2\/types\/post"}],"author":[{"embeddable":true,"href":"https:\/\/teste.bsb.br\/zeca\/wp-json\/wp\/v2\/users\/1"}],"replies":[{"embeddable":true,"href":"https:\/\/teste.bsb.br\/zeca\/wp-json\/wp\/v2\/comments?post=28434"}],"version-history":[{"count":0,"href":"https:\/\/teste.bsb.br\/zeca\/wp-json\/wp\/v2\/posts\/28434\/revisions"}],"wp:featuredmedia":[{"embeddable":true,"href":"https:\/\/teste.bsb.br\/zeca\/wp-json\/wp\/v2\/media\/28433"}],"wp:attachment":[{"href":"https:\/\/teste.bsb.br\/zeca\/wp-json\/wp\/v2\/media?parent=28434"}],"wp:term":[{"taxonomy":"category","embeddable":true,"href":"https:\/\/teste.bsb.br\/zeca\/wp-json\/wp\/v2\/categories?post=28434"},{"taxonomy":"post_tag","embeddable":true,"href":"https:\/\/teste.bsb.br\/zeca\/wp-json\/wp\/v2\/tags?post=28434"}],"curies":[{"name":"wp","href":"https:\/\/api.w.org\/{rel}","templated":true}]}}