{"id":28430,"date":"2011-09-08T00:00:00","date_gmt":"2011-09-08T03:00:00","guid":{"rendered":"https:\/\/www.zecadirceu.com.br\/programa-de-apoio-a-conservacao-ambiental-pode-ser-aprovado-este-mes\/"},"modified":"2011-09-08T00:00:00","modified_gmt":"2011-09-08T03:00:00","slug":"programa-de-apoio-a-conservacao-ambiental-pode-ser-aprovado-este-mes","status":"publish","type":"post","link":"https:\/\/teste.bsb.br\/zeca\/programa-de-apoio-a-conservacao-ambiental-pode-ser-aprovado-este-mes\/","title":{"rendered":"Programa de Apoio \u00e0 Conserva\u00e7\u00e3o Ambiental pode ser aprovado este m\u00eas"},"content":{"rendered":"<p>&nbsp;A medida provis&oacute;ria 535, que desde junho tramita na C&acirc;mara dos Deputados, e &eacute; relatada pelo deputado federal do PT-PR, Assis Couto, cria o Programa de Apoio &agrave; Conserva&ccedil;&atilde;o Ambiental. Tem o objetivo de incentivar a conserva&ccedil;&atilde;o dos ecossistemas, entendida como sua manuten&ccedil;&atilde;o e uso sustent&aacute;vel e promover a cidadania, com a melhoria das condi&ccedil;&otilde;es de vida e a eleva&ccedil;&atilde;o da renda da popula&ccedil;&atilde;o em situa&ccedil;&atilde;o de extrema pobreza que exer&ccedil;a atividades de conserva&ccedil;&atilde;o dos recursos naturais no meio rural em &aacute;reas definidas.<\/p>\n<p class=\"MsoNormal\">O deputado federal Zeca Dirceu acredita que na pr&oacute;xima semana haja um avan&ccedil;o na pauta para ser aprovada ainda este m&ecirc;s. Zeca relatou que quando o Programa Bolsa Mis&eacute;ria foi institu&iacute;do, pela presidenta Dilma Rousseff, foi anexado entre as a&ccedil;&otilde;es este programa de conserva&ccedil;&atilde;o ambiental, que visa ajudar agricultores de baixa renda que acreditam na conversa&ccedil;&atilde;o do meio ambiente. &ldquo;Com a expans&atilde;o desse programa, ele pode vir a ser um conceito de educa&ccedil;&atilde;o ambiental&rdquo; explicou o deputado Zeca.<\/p>\n<p class=\"MsoNormal\">A execu&ccedil;&atilde;o do Programa de Apoio &agrave; Conserva&ccedil;&atilde;o Ambiental ficar&aacute; sob a responsabilidade do Minist&eacute;rio do Meio Ambiente, ao qual caber&aacute; definir as normas complementares do Programa.<span>&nbsp; <\/span>Confira a reportagem completa no &iacute;cone abaixo.&nbsp;<o:p><\/o:p><\/p>\n","protected":false},"excerpt":{"rendered":"<p>A medida provis\u00f3ria 535, que desde junho tramita na C\u00e2mara dos Deputados, e \u00e9 relatada pelo deputado federal do PT-PR, Assis Couto, cria o Programa de Apoio \u00e0 Conserva\u00e7\u00e3o Ambiental. <\/p>\n<p>O deputado federal Zeca Dirceu acredita que, na pr\u00f3xima semana, haja um avan\u00e7o na pauta para ser aprovada ainda este m\u00eas. \u201cCom a expans\u00e3o desse programa, ele pode vir a ser um conceito de educa\u00e7\u00e3o ambiental\u201d explicou o deputado Zeca.Confira a reportagem completa no \u00edcone abaixo.<\/p>\n","protected":false},"author":1,"featured_media":28429,"comment_status":"open","ping_status":"open","sticky":false,"template":"","format":"standard","meta":{"footnotes":""},"categories":[1],"tags":[6791],"class_list":["post-28430","post","type-post","status-publish","format-standard","has-post-thumbnail","hentry","category-noticias-zeca-dirceu","tag-medida-provisoria-535"],"_links":{"self":[{"href":"https:\/\/teste.bsb.br\/zeca\/wp-json\/wp\/v2\/posts\/28430","targetHints":{"allow":["GET"]}}],"collection":[{"href":"https:\/\/teste.bsb.br\/zeca\/wp-json\/wp\/v2\/posts"}],"about":[{"href":"https:\/\/teste.bsb.br\/zeca\/wp-json\/wp\/v2\/types\/post"}],"author":[{"embeddable":true,"href":"https:\/\/teste.bsb.br\/zeca\/wp-json\/wp\/v2\/users\/1"}],"replies":[{"embeddable":true,"href":"https:\/\/teste.bsb.br\/zeca\/wp-json\/wp\/v2\/comments?post=28430"}],"version-history":[{"count":0,"href":"https:\/\/teste.bsb.br\/zeca\/wp-json\/wp\/v2\/posts\/28430\/revisions"}],"wp:featuredmedia":[{"embeddable":true,"href":"https:\/\/teste.bsb.br\/zeca\/wp-json\/wp\/v2\/media\/28429"}],"wp:attachment":[{"href":"https:\/\/teste.bsb.br\/zeca\/wp-json\/wp\/v2\/media?parent=28430"}],"wp:term":[{"taxonomy":"category","embeddable":true,"href":"https:\/\/teste.bsb.br\/zeca\/wp-json\/wp\/v2\/categories?post=28430"},{"taxonomy":"post_tag","embeddable":true,"href":"https:\/\/teste.bsb.br\/zeca\/wp-json\/wp\/v2\/tags?post=28430"}],"curies":[{"name":"wp","href":"https:\/\/api.w.org\/{rel}","templated":true}]}}