{"id":28426,"date":"2011-09-08T00:00:00","date_gmt":"2011-09-08T03:00:00","guid":{"rendered":"https:\/\/www.zecadirceu.com.br\/zeca-comemora-a-independencia-do-pais-em-paranavai\/"},"modified":"2011-09-08T00:00:00","modified_gmt":"2011-09-08T03:00:00","slug":"zeca-comemora-a-independencia-do-pais-em-paranavai","status":"publish","type":"post","link":"https:\/\/teste.bsb.br\/zeca\/zeca-comemora-a-independencia-do-pais-em-paranavai\/","title":{"rendered":"Zeca comemora a independ\u00eancia do pa\u00eds em Paranava\u00ed"},"content":{"rendered":"<p class=\"MsoNormal\">Neste feriado de Independ&ecirc;ncia do Brasil, 07, o deputado federal Zeca Dirceu esteve em Paranava&iacute;. De l&aacute; acompanhou o desfile c&iacute;vico e participou de v&aacute;rias solenidades. Esta visita, a regi&atilde;o noroeste do Paran&aacute;, Zeca Dirceu reafirmou que seu mandato &eacute; municipalista &ldquo;Eu acredito na pol&iacute;tica feita pr&oacute;ximo das pessoas. N&atilde;o ligo de trabalhar em feriado, fim de semana. Em Paranava&iacute;, aproveitei para conversar com as pessoas e lideran&ccedil;as pol&iacute;ticas&rdquo;, comentou o deputado.<\/p>\n<p class=\"MsoNormal\">Al&eacute;m de Paranava&iacute;, o deputado Zeca Dirceu visitou outros munic&iacute;pios pr&oacute;ximos aquela regi&atilde;o. Na pr&oacute;xima semana o parlamentar levar&aacute; &agrave; Bras&iacute;lia as reivindica&ccedil;&otilde;es colhidas para defender em v&aacute;rios minist&eacute;rios. Confira a reportagem de &aacute;udio no &iacute;cone abaixo.<\/p>\n","protected":false},"excerpt":{"rendered":"<p>Neste feriado de Independ\u00eancia do Brasil, 07, o deputado federal Zeca Dirceu esteve em Paranava\u00ed. De l\u00e1 acompanhou o desfile c\u00edvico e participou de v\u00e1rias solenidades. Esta visita, a regi\u00e3o noroeste do Paran\u00e1, Zeca Dirceu reafirmou que seu mandato \u00e9 municipalista \u201cEu acredito na pol\u00edtica feita pr\u00f3ximo das pessoas. N\u00e3o ligo de trabalhar em feriado, fim de semana. Em Paranava\u00ed, aproveitei para conversar com as pessoas e lideran\u00e7as pol\u00edticas\u201d, comentou o deputado.<\/p>\n<p>Al\u00e9m de Paranava\u00ed, o deputado Zeca Dirceu visitou outros munic\u00edpios pr\u00f3ximos aquela regi\u00e3o. Na pr\u00f3xima semana o parlamentar levar\u00e1 \u00e0 Bras\u00edlia as reivindica\u00e7\u00f5es colhidas  para defender em v\u00e1rios minist\u00e9rios. Confira a reportagem de \u00e1udio no \u00edcone abaixo.<\/p>\n","protected":false},"author":1,"featured_media":28425,"comment_status":"open","ping_status":"open","sticky":false,"template":"","format":"standard","meta":{"footnotes":""},"categories":[1],"tags":[6790],"class_list":["post-28426","post","type-post","status-publish","format-standard","has-post-thumbnail","hentry","category-noticias-zeca-dirceu","tag-independencia-paranavai"],"_links":{"self":[{"href":"https:\/\/teste.bsb.br\/zeca\/wp-json\/wp\/v2\/posts\/28426","targetHints":{"allow":["GET"]}}],"collection":[{"href":"https:\/\/teste.bsb.br\/zeca\/wp-json\/wp\/v2\/posts"}],"about":[{"href":"https:\/\/teste.bsb.br\/zeca\/wp-json\/wp\/v2\/types\/post"}],"author":[{"embeddable":true,"href":"https:\/\/teste.bsb.br\/zeca\/wp-json\/wp\/v2\/users\/1"}],"replies":[{"embeddable":true,"href":"https:\/\/teste.bsb.br\/zeca\/wp-json\/wp\/v2\/comments?post=28426"}],"version-history":[{"count":0,"href":"https:\/\/teste.bsb.br\/zeca\/wp-json\/wp\/v2\/posts\/28426\/revisions"}],"wp:featuredmedia":[{"embeddable":true,"href":"https:\/\/teste.bsb.br\/zeca\/wp-json\/wp\/v2\/media\/28425"}],"wp:attachment":[{"href":"https:\/\/teste.bsb.br\/zeca\/wp-json\/wp\/v2\/media?parent=28426"}],"wp:term":[{"taxonomy":"category","embeddable":true,"href":"https:\/\/teste.bsb.br\/zeca\/wp-json\/wp\/v2\/categories?post=28426"},{"taxonomy":"post_tag","embeddable":true,"href":"https:\/\/teste.bsb.br\/zeca\/wp-json\/wp\/v2\/tags?post=28426"}],"curies":[{"name":"wp","href":"https:\/\/api.w.org\/{rel}","templated":true}]}}