{"id":28424,"date":"2011-09-09T00:00:00","date_gmt":"2011-09-09T03:00:00","guid":{"rendered":"https:\/\/www.zecadirceu.com.br\/zeca-dirceu-visita-cidades-do-noroeste-do-pr\/"},"modified":"2011-09-09T00:00:00","modified_gmt":"2011-09-09T03:00:00","slug":"zeca-dirceu-visita-cidades-do-noroeste-do-pr","status":"publish","type":"post","link":"https:\/\/teste.bsb.br\/zeca\/zeca-dirceu-visita-cidades-do-noroeste-do-pr\/","title":{"rendered":"Zeca Dirceu visita cidades do noroeste do PR"},"content":{"rendered":"<div><span style=\"margin-top: 0px; margin-right: 0px; margin-bottom: 0px; margin-left: 0px; padding-top: 0px; padding-right: 0px; padding-bottom: 0px; padding-left: 0px; list-style-type: none; list-style-position: initial; list-style-image: initial; \"><span style=\"margin-top: 0px; margin-right: 0px; margin-bottom: 0px; margin-left: 0px; padding-top: 0px; padding-right: 0px; padding-bottom: 0px; padding-left: 0px; list-style-type: none; list-style-position: initial; list-style-image: initial; color: rgb(27, 27, 27); font-size: large; \"><\/p>\n<p class=\"MsoNormal\">\n<p class=\"MsoNormal\">O deputado Federal Zeca Dirceu (PT-PR) esta visitando na presente data os munic&iacute;pios da regi&atilde;o Noroeste do Estado do Paran&aacute;. O deputado esteve na cidade de Marilena onde se reuniu com lideran&ccedil;as locais e moradores do munic&iacute;pio, na reuni&atilde;o foram tratados v&aacute;rios temas desde sa&uacute;de &aacute; planejamento urbano.<o:p><\/o:p><\/p>\n<p class=\"MsoNormal\">O deputado estava acompanhado de seus assessores e do vereador Edinaldo Salgado de Marilena (PT-PR). O Deputado diz j&aacute; estar trabalhando pelo munic&iacute;pio e que vai recompensar os 95 votos conquistados na cidade dando respaldo ao munic&iacute;pio visando &agrave;s pr&oacute;ximas elei&ccedil;&otilde;es de 2014.<o:p><\/o:p><\/p>\n<p class=\"MsoNormal\">Zeca Dirceu estar&aacute; hoje &aacute; noite na cidade de Nova Londrina (Pr) para a abertura da Expo Nova, evento no qual esta sendo feito gra&ccedil;as a uma parceria da prefeitura municipal de Nova Londrina com os empres&aacute;rios locais.<o:p><\/o:p><\/p>\n<p class=\"MsoNormal\"><o:p>&nbsp;<\/o:p><\/p>\n<p class=\"MsoNormal\">Fonte: http:\/\/www.destaknovalondrina.com.br\/novo\/site\/?p=noticias_ver&amp;id=471<\/p>\n<\/p>\n<p><br type=\"_moz\" \/><br \/>\n<\/span><\/span><\/div>\n","protected":false},"excerpt":{"rendered":"<p>Site de not\u00edcias de Nova Londrina destaca a visita do deputado federal Zeca Dirceu no munic\u00edpio. Zeca aproveitou a passagem pela regi\u00e3o para participar da abertura da Expo Nova, evento que marca calend\u00e1rio na regi\u00e3o. Clique e acompanhe a reportagem.<\/p>\n","protected":false},"author":1,"featured_media":28423,"comment_status":"open","ping_status":"open","sticky":false,"template":"","format":"standard","meta":{"footnotes":""},"categories":[1],"tags":[135,720],"class_list":["post-28424","post","type-post","status-publish","format-standard","has-post-thumbnail","hentry","category-noticias-zeca-dirceu","tag-noroeste","tag-visita"],"_links":{"self":[{"href":"https:\/\/teste.bsb.br\/zeca\/wp-json\/wp\/v2\/posts\/28424","targetHints":{"allow":["GET"]}}],"collection":[{"href":"https:\/\/teste.bsb.br\/zeca\/wp-json\/wp\/v2\/posts"}],"about":[{"href":"https:\/\/teste.bsb.br\/zeca\/wp-json\/wp\/v2\/types\/post"}],"author":[{"embeddable":true,"href":"https:\/\/teste.bsb.br\/zeca\/wp-json\/wp\/v2\/users\/1"}],"replies":[{"embeddable":true,"href":"https:\/\/teste.bsb.br\/zeca\/wp-json\/wp\/v2\/comments?post=28424"}],"version-history":[{"count":0,"href":"https:\/\/teste.bsb.br\/zeca\/wp-json\/wp\/v2\/posts\/28424\/revisions"}],"wp:featuredmedia":[{"embeddable":true,"href":"https:\/\/teste.bsb.br\/zeca\/wp-json\/wp\/v2\/media\/28423"}],"wp:attachment":[{"href":"https:\/\/teste.bsb.br\/zeca\/wp-json\/wp\/v2\/media?parent=28424"}],"wp:term":[{"taxonomy":"category","embeddable":true,"href":"https:\/\/teste.bsb.br\/zeca\/wp-json\/wp\/v2\/categories?post=28424"},{"taxonomy":"post_tag","embeddable":true,"href":"https:\/\/teste.bsb.br\/zeca\/wp-json\/wp\/v2\/tags?post=28424"}],"curies":[{"name":"wp","href":"https:\/\/api.w.org\/{rel}","templated":true}]}}