{"id":28422,"date":"2011-09-09T00:00:00","date_gmt":"2011-09-09T03:00:00","guid":{"rendered":"https:\/\/www.zecadirceu.com.br\/recursos-para-pesquisa-em-saude-aumentam-quatro-vezes\/"},"modified":"2011-09-09T00:00:00","modified_gmt":"2011-09-09T03:00:00","slug":"recursos-para-pesquisa-em-saude-aumentam-quatro-vezes","status":"publish","type":"post","link":"https:\/\/teste.bsb.br\/zeca\/recursos-para-pesquisa-em-saude-aumentam-quatro-vezes\/","title":{"rendered":"Recursos para pesquisa em sa\u00fade aumentam quatro vezes"},"content":{"rendered":"<p>&nbsp;<span class=\"Apple-style-span\" style=\"font-size: 10px; \"><span class=\"Apple-style-span\" style=\"color: rgb(40, 49, 48); font-family: Arial, Helvetica, sans-serif; font-size: 13px; line-height: 17px; \">O valor investido na &aacute;rea de pesquisa, desenvolvimento e inova&ccedil;&atilde;o na &aacute;rea de sa&uacute;de aumentar&aacute; quatro vezes. A informa&ccedil;&atilde;o &eacute; do Minist&eacute;rio da Sa&uacute;de e foi divulgada nesta quinta-feira (8), durante o I Encontro com a Comunidade Cient&iacute;fica, realizado em Bras&iacute;lia. No evento, foi apresentado o plano de investimento, que soma R$ 1,5 bilh&atilde;o nos pr&oacute;ximos quatro anos &ndash; R$ 350 milh&otilde;es por ano. Os recursos ser&atilde;o aplicados em a&ccedil;&otilde;es estrat&eacute;gicas, definidas de acordo com o conjunto de temas priorit&aacute;rios contidos no Plano Plurianual 2012-2015, que alinham a pesquisa nacional &agrave;s necessidades de sa&uacute;de do Pa&iacute;s.<\/span><\/p>\n<p style=\"margin-top: 0px; margin-right: 0px; margin-bottom: 0px; margin-left: 0px; padding-top: 0px; padding-right: 0px; padding-bottom: 18px; padding-left: 0px; border-top-width: 0px; border-right-width: 0px; border-bottom-width: 0px; border-left-width: 0px; border-style: initial; border-color: initial; outline-width: 0px; outline-style: initial; outline-color: initial; vertical-align: baseline; background-image: initial; background-attachment: initial; background-origin: initial; background-clip: initial; background-color: transparent; font: normal normal normal 1.3em\/normal Arial, Helvetica, sans-serif; color: rgb(40, 49, 48); line-height: 17px; background-position: initial initial; background-repeat: initial initial; \">De acordo com o minist&eacute;rio, nos &uacute;ltimos quatro anos, o &oacute;rg&atilde;o aplicou R$ 400 milh&otilde;es &ndash; o equivalente a 53% de todo o recurso investido no setor no Brasil.&nbsp;<\/p>\n<p style=\"margin-top: 0px; margin-right: 0px; margin-bottom: 0px; margin-left: 0px; padding-top: 0px; padding-right: 0px; padding-bottom: 18px; padding-left: 0px; border-top-width: 0px; border-right-width: 0px; border-bottom-width: 0px; border-left-width: 0px; border-style: initial; border-color: initial; outline-width: 0px; outline-style: initial; outline-color: initial; vertical-align: baseline; background-image: initial; background-attachment: initial; background-origin: initial; background-clip: initial; background-color: transparent; font: normal normal normal 1.3em\/normal Arial, Helvetica, sans-serif; color: rgb(40, 49, 48); line-height: 17px; background-position: initial initial; background-repeat: initial initial; \">Duas outras medidas lan&ccedil;adas durante o evento tem o objetivo de acelerar tanto o processo de aprova&ccedil;&atilde;o de testes com novos medicamentos envolvendo seres humanos no Pa&iacute;s, quanto a publica&ccedil;&atilde;o de artigos de pesquisadores brasileiros. S&atilde;o duas plataformas que v&atilde;o reunir projetos de pesquisa e ensaios cl&iacute;nicos em ambientes informatizados online: a Plataforma Brasil e o Registro Brasileiro de Ensaios Cl&iacute;nicos (Rebec).<\/p>\n<p style=\"margin-top: 0px; margin-right: 0px; margin-bottom: 0px; margin-left: 0px; padding-top: 0px; padding-right: 0px; padding-bottom: 18px; padding-left: 0px; border-top-width: 0px; border-right-width: 0px; border-bottom-width: 0px; border-left-width: 0px; border-style: initial; border-color: initial; outline-width: 0px; outline-style: initial; outline-color: initial; vertical-align: baseline; background-image: initial; background-attachment: initial; background-origin: initial; background-clip: initial; background-color: transparent; font: normal normal normal 1.3em\/normal Arial, Helvetica, sans-serif; color: rgb(40, 49, 48); line-height: 17px; background-position: initial initial; background-repeat: initial initial; \"><strong class=\"first-child last-child\" style=\"margin-top: 0px; margin-right: 0px; margin-bottom: 0px; margin-left: 0px; padding-top: 0px; padding-right: 0px; padding-bottom: 0px; padding-left: 0px; border-top-width: 0px; border-right-width: 0px; border-bottom-width: 0px; border-left-width: 0px; border-style: initial; border-color: initial; outline-width: 0px; outline-style: initial; outline-color: initial; vertical-align: baseline; background-image: initial; background-attachment: initial; background-origin: initial; background-clip: initial; background-color: transparent; background-position: initial initial; background-repeat: initial initial; \">Curso &#8211;&nbsp;<\/strong>Ainda, durante o evento, foi lan&ccedil;ado um curso para o uso racional de medicamentos, que vai qualificar os profissionais de sa&uacute;de do SUS na assist&ecirc;ncia aos pacientes. Paralelamente, uma pesquisa em 35 mil domic&iacute;lios do Pa&iacute;s vai levantar como o brasileiro tem acesso aos produtos, adere ao tratamento, usa e descarta os medicamentos. Ter&aacute; in&iacute;cio neste ano e ser&aacute; conclu&iacute;da em 2013.<\/p>\n<p style=\"margin-top: 0px; margin-right: 0px; margin-bottom: 0px; margin-left: 0px; padding-top: 0px; padding-right: 0px; padding-bottom: 18px; padding-left: 0px; border-top-width: 0px; border-right-width: 0px; border-bottom-width: 0px; border-left-width: 0px; border-style: initial; border-color: initial; outline-width: 0px; outline-style: initial; outline-color: initial; vertical-align: baseline; background-image: initial; background-attachment: initial; background-origin: initial; background-clip: initial; background-color: transparent; font: normal normal normal 1.3em\/normal Arial, Helvetica, sans-serif; color: rgb(40, 49, 48); line-height: 17px; background-position: initial initial; background-repeat: initial initial; \"><strong class=\"first-child last-child\" style=\"margin-top: 0px; margin-right: 0px; margin-bottom: 0px; margin-left: 0px; padding-top: 0px; padding-right: 0px; padding-bottom: 0px; padding-left: 0px; border-top-width: 0px; border-right-width: 0px; border-bottom-width: 0px; border-left-width: 0px; border-style: initial; border-color: initial; outline-width: 0px; outline-style: initial; outline-color: initial; vertical-align: baseline; background-image: initial; background-attachment: initial; background-origin: initial; background-clip: initial; background-color: transparent; background-position: initial initial; background-repeat: initial initial; \">Linhas de pesquisa &#8211;<\/strong>&nbsp;At&eacute; este ano, na agenda de pesquisa, havia 838 linhas em todas as &aacute;reas do conhecimento &ndash; e n&atilde;o definia prioridades. Agora, foram eleitas 151 como priorit&aacute;rias (40 j&aacute; em andamento). A Agenda de Pesquisas Estrat&eacute;gicas para o Sistema de Sa&uacute;de (Pess), possui eixos como Complexo Produtivo Nacional, Modelo e Instrumentos de Gest&atilde;o e Aten&ccedil;&atilde;o B&aacute;sica e Aten&ccedil;&atilde;o Especializada, entre outros. Para identificar as prioridades de cada regi&atilde;o e definir os temas e o local onde seriam desenvolvidas as pesquisas, o minist&eacute;rio realizou um mapeamento das demandas.&nbsp;<\/p>\n<p style=\"margin-top: 0px; margin-right: 0px; margin-bottom: 0px; margin-left: 0px; padding-top: 0px; padding-right: 0px; padding-bottom: 18px; padding-left: 0px; border-top-width: 0px; border-right-width: 0px; border-bottom-width: 0px; border-left-width: 0px; border-style: initial; border-color: initial; outline-width: 0px; outline-style: initial; outline-color: initial; vertical-align: baseline; background-image: initial; background-attachment: initial; background-origin: initial; background-clip: initial; background-color: transparent; font: normal normal normal 1.3em\/normal Arial, Helvetica, sans-serif; color: rgb(40, 49, 48); line-height: 17px; background-position: initial initial; background-repeat: initial initial; \"><strong class=\"first-child\" style=\"margin-top: 0px; margin-right: 0px; margin-bottom: 0px; margin-left: 0px; padding-top: 0px; padding-right: 0px; padding-bottom: 0px; padding-left: 0px; border-top-width: 0px; border-right-width: 0px; border-bottom-width: 0px; border-left-width: 0px; border-style: initial; border-color: initial; outline-width: 0px; outline-style: initial; outline-color: initial; vertical-align: baseline; background-image: initial; background-attachment: initial; background-origin: initial; background-clip: initial; background-color: transparent; background-position: initial initial; background-repeat: initial initial; \">Plataforma Brasil &#8211;<\/strong>&nbsp;A&nbsp;<a class=\"external-link last-child\" href=\"http:\/\/www.saude.gov.br\/plataformabrasil\" target=\"_blank\" style=\"margin-top: 0px; margin-right: 0px; margin-bottom: 0px; margin-left: 0px; padding-top: 0px; padding-right: 12px; padding-bottom: 0px; padding-left: 0px; border-top-width: 0px; border-right-width: 0px; border-bottom-width: 0px; border-left-width: 0px; border-style: initial; border-color: initial; outline-width: 0px; outline-style: initial; outline-color: initial; vertical-align: baseline; background-image: url(http:\/\/www.secom.gov.br\/portal_css\/Secom\/bg\/linkExterno.gif); background-attachment: initial; background-origin: initial; background-clip: initial; background-color: initial; color: rgb(23, 67, 155); text-decoration: underline; background-position: 100% 50%; background-repeat: no-repeat no-repeat; \">Plataforma Brasil<\/a>&nbsp;re&uacute;ne toda a base nacional e unificada de registros de pesquisas envolvendo seres humanos. O sistema ser&aacute; administrado pelo Minist&eacute;rio da Sa&uacute;de. Os pesquisadores poder&atilde;o acompanhar, de suas casas, o andamento de seus projetos. Ser&atilde;o ministradas oficinas nos estados para orientar os pesquisadores.&nbsp;<\/p>\n<p style=\"margin-top: 0px; margin-right: 0px; margin-bottom: 0px; margin-left: 0px; padding-top: 0px; padding-right: 0px; padding-bottom: 18px; padding-left: 0px; border-top-width: 0px; border-right-width: 0px; border-bottom-width: 0px; border-left-width: 0px; border-style: initial; border-color: initial; outline-width: 0px; outline-style: initial; outline-color: initial; vertical-align: baseline; background-image: initial; background-attachment: initial; background-origin: initial; background-clip: initial; background-color: transparent; font: normal normal normal 1.3em\/normal Arial, Helvetica, sans-serif; color: rgb(40, 49, 48); line-height: 17px; background-position: initial initial; background-repeat: initial initial; \">Uso Racional de Medicamentos &#8211; O curso &quot;Sele&ccedil;&atilde;o Racional de Medicamentos e Boas Pr&aacute;ticas de Prescri&ccedil;&atilde;o M&eacute;dica e Odontol&oacute;gica&quot; ser&aacute; disponibilizado na Plataforma de Cursos Autoinstrucionais do portal da&nbsp;<a class=\"external-link first-child last-child\" href=\"http:\/\/www.cursos.universidadeabertadosus.org.br\/\" target=\"_blank\" style=\"margin-top: 0px; margin-right: 0px; margin-bottom: 0px; margin-left: 0px; padding-top: 0px; padding-right: 12px; padding-bottom: 0px; padding-left: 0px; border-top-width: 0px; border-right-width: 0px; border-bottom-width: 0px; border-left-width: 0px; border-style: initial; border-color: initial; outline-width: 0px; outline-style: initial; outline-color: initial; vertical-align: baseline; background-image: url(http:\/\/www.secom.gov.br\/portal_css\/Secom\/bg\/linkExterno.gif); background-attachment: initial; background-origin: initial; background-clip: initial; background-color: initial; color: rgb(23, 67, 155); text-decoration: underline; background-position: 100% 50%; background-repeat: no-repeat no-repeat; \">Universidade Aberta do SUS<\/a>. Ter&aacute; carga hor&aacute;ria de 20 horas e estar&aacute; dispon&iacute;vel a todos os prescritores e alunos de gradua&ccedil;&atilde;o de medicina ou de odontologia.<\/p>\n<p>Fonte:&nbsp;<a href=\"http:\/\/www.secom.gov.br\/sobre-a-secom\/nucleo-de-comunicacao-publica\/copy_of_em-questao-1\/em-questao-do-dia\/recursos-para-pesquisa-em-saude-aumentam-quatro-vezes\">http:\/\/www.secom.gov.br\/sobre-a-secom\/nucleo-de-comunicacao-publica\/copy_of_em-questao-1\/em-questao-do-dia\/recursos-para-pesquisa-em-saude-aumentam-quatro-vezes<\/a><\/p>\n<p><\/span><\/p>\n","protected":false},"excerpt":{"rendered":"<p>O valor investido na \u00e1rea de pesquisa, desenvolvimento e inova\u00e7\u00e3o na \u00e1rea de sa\u00fade aumentar\u00e1 quatro vezes. A informa\u00e7\u00e3o \u00e9 do Minist\u00e9rio da Sa\u00fade e foi divulgada nesta quinta-feira (8), durante o I Encontro com a Comunidade Cient\u00edfica, realizado em Bras\u00edlia. No evento, foi apresentado o plano de investimento, que soma R$ 1,5 bilh\u00e3o nos pr\u00f3ximos quatro anos \u2013 R$ 350 milh\u00f5es por ano. Os recursos ser\u00e3o aplicados em a\u00e7\u00f5es estrat\u00e9gicas, definidas de acordo com o conjunto de temas priorit\u00e1rios contidos no Plano Plurianual 2012-2015, que alinham a pesquisa nacional \u00e0s necessidades de sa\u00fade do Pa\u00eds.<\/p>\n","protected":false},"author":1,"featured_media":28421,"comment_status":"open","ping_status":"open","sticky":false,"template":"","format":"standard","meta":{"footnotes":""},"categories":[1],"tags":[6789],"class_list":["post-28422","post","type-post","status-publish","format-standard","has-post-thumbnail","hentry","category-noticias-zeca-dirceu","tag-saude-recursos"],"_links":{"self":[{"href":"https:\/\/teste.bsb.br\/zeca\/wp-json\/wp\/v2\/posts\/28422","targetHints":{"allow":["GET"]}}],"collection":[{"href":"https:\/\/teste.bsb.br\/zeca\/wp-json\/wp\/v2\/posts"}],"about":[{"href":"https:\/\/teste.bsb.br\/zeca\/wp-json\/wp\/v2\/types\/post"}],"author":[{"embeddable":true,"href":"https:\/\/teste.bsb.br\/zeca\/wp-json\/wp\/v2\/users\/1"}],"replies":[{"embeddable":true,"href":"https:\/\/teste.bsb.br\/zeca\/wp-json\/wp\/v2\/comments?post=28422"}],"version-history":[{"count":0,"href":"https:\/\/teste.bsb.br\/zeca\/wp-json\/wp\/v2\/posts\/28422\/revisions"}],"wp:featuredmedia":[{"embeddable":true,"href":"https:\/\/teste.bsb.br\/zeca\/wp-json\/wp\/v2\/media\/28421"}],"wp:attachment":[{"href":"https:\/\/teste.bsb.br\/zeca\/wp-json\/wp\/v2\/media?parent=28422"}],"wp:term":[{"taxonomy":"category","embeddable":true,"href":"https:\/\/teste.bsb.br\/zeca\/wp-json\/wp\/v2\/categories?post=28422"},{"taxonomy":"post_tag","embeddable":true,"href":"https:\/\/teste.bsb.br\/zeca\/wp-json\/wp\/v2\/tags?post=28422"}],"curies":[{"name":"wp","href":"https:\/\/api.w.org\/{rel}","templated":true}]}}