{"id":28420,"date":"2011-09-09T00:00:00","date_gmt":"2011-09-09T03:00:00","guid":{"rendered":"https:\/\/www.zecadirceu.com.br\/deputada-luciana-rafagnin-recebida-por-zeca-dirceu-em-brasilia\/"},"modified":"2011-09-09T00:00:00","modified_gmt":"2011-09-09T03:00:00","slug":"deputada-luciana-rafagnin-recebida-por-zeca-dirceu-em-brasilia","status":"publish","type":"post","link":"https:\/\/teste.bsb.br\/zeca\/deputada-luciana-rafagnin-recebida-por-zeca-dirceu-em-brasilia\/","title":{"rendered":"Deputada Luciana Rafagnin recebida por Zeca Dirceu em Bras\u00edlia"},"content":{"rendered":"<p class=\"MsoNormal\">A deputada estadual do Paran&aacute; Luciana Rafagnin esteve em Bras&iacute;lia na &uacute;ltima semana. Recebida pelo deputado federal Zeca Dirceu, a parlamentar defendeu os interesses do estado, principalmente a regi&atilde;o sudoeste, em tr&ecirc;s minist&eacute;rios: sa&uacute;de, previd&ecirc;ncia social e justi&ccedil;a. No &uacute;ltimo os parlamentares foram atendidos pelo pr&oacute;prio ministro, Jos&eacute; Eduardo Cardoso, nos outros minist&eacute;rios foram recebidos por t&eacute;cnicos.<span>&nbsp; <\/span><\/p>\n<p class=\"MsoNormal\">Na reportagem de &aacute;udio, no &iacute;cone abaixo, a deputada Luciana Rafagnin falou sobre seus pedidos aos minist&eacute;rios, em Bras&iacute;lia.&nbsp;<\/p>\n","protected":false},"excerpt":{"rendered":"<p>A deputada estadual do Paran\u00e1 Luciana Rafagnin esteve em Bras\u00edlia na \u00faltima semana. Recebida pelo deputado federal Zeca Dirceu, a parlamentar defendeu os interesses do estado, principalmente a regi\u00e3o sudoeste, em tr\u00eas minist\u00e9rios: sa\u00fade, previd\u00eancia social e justi\u00e7a. No \u00faltimo os parlamentares foram atendidos pelo pr\u00f3prio ministro, Jos\u00e9 Eduardo Cardoso, nos outros minist\u00e9rios foram recebidos por t\u00e9cnicos. <\/p>\n<p>Na reportagem de \u00e1udio, no \u00edcone abaixo, a deputada Luciana Rafagnin falou sobre seus pedidos aos minist\u00e9rios, em Bras\u00edlia.<\/p>\n","protected":false},"author":1,"featured_media":28419,"comment_status":"open","ping_status":"open","sticky":false,"template":"","format":"standard","meta":{"footnotes":""},"categories":[1],"tags":[6788],"class_list":["post-28420","post","type-post","status-publish","format-standard","has-post-thumbnail","hentry","category-noticias-zeca-dirceu","tag-deputada-luciana-e-zeca-brasilia"],"_links":{"self":[{"href":"https:\/\/teste.bsb.br\/zeca\/wp-json\/wp\/v2\/posts\/28420","targetHints":{"allow":["GET"]}}],"collection":[{"href":"https:\/\/teste.bsb.br\/zeca\/wp-json\/wp\/v2\/posts"}],"about":[{"href":"https:\/\/teste.bsb.br\/zeca\/wp-json\/wp\/v2\/types\/post"}],"author":[{"embeddable":true,"href":"https:\/\/teste.bsb.br\/zeca\/wp-json\/wp\/v2\/users\/1"}],"replies":[{"embeddable":true,"href":"https:\/\/teste.bsb.br\/zeca\/wp-json\/wp\/v2\/comments?post=28420"}],"version-history":[{"count":0,"href":"https:\/\/teste.bsb.br\/zeca\/wp-json\/wp\/v2\/posts\/28420\/revisions"}],"wp:featuredmedia":[{"embeddable":true,"href":"https:\/\/teste.bsb.br\/zeca\/wp-json\/wp\/v2\/media\/28419"}],"wp:attachment":[{"href":"https:\/\/teste.bsb.br\/zeca\/wp-json\/wp\/v2\/media?parent=28420"}],"wp:term":[{"taxonomy":"category","embeddable":true,"href":"https:\/\/teste.bsb.br\/zeca\/wp-json\/wp\/v2\/categories?post=28420"},{"taxonomy":"post_tag","embeddable":true,"href":"https:\/\/teste.bsb.br\/zeca\/wp-json\/wp\/v2\/tags?post=28420"}],"curies":[{"name":"wp","href":"https:\/\/api.w.org\/{rel}","templated":true}]}}