{"id":28418,"date":"2011-09-09T00:00:00","date_gmt":"2011-09-09T03:00:00","guid":{"rendered":"https:\/\/www.zecadirceu.com.br\/jose-dirceu-congresso-do-pt-foi-vitorioso-e-serviu-para-atualizar-o-partido\/"},"modified":"2011-09-09T00:00:00","modified_gmt":"2011-09-09T03:00:00","slug":"jose-dirceu-congresso-do-pt-foi-vitorioso-e-serviu-para-atualizar-o-partido","status":"publish","type":"post","link":"https:\/\/teste.bsb.br\/zeca\/jose-dirceu-congresso-do-pt-foi-vitorioso-e-serviu-para-atualizar-o-partido\/","title":{"rendered":"Jos\u00e9 Dirceu: Congresso do PT foi vitorioso e serviu para atualizar o partido"},"content":{"rendered":"<p>&nbsp;<span class=\"Apple-style-span\" style=\"color: rgb(51, 51, 51); font-family: Arial, Helvetica, sans-serif; \"><span class=\"Apple-style-span\" style=\"line-height: 16px; \">Ao final do 4&ordm;. Congresso Nacional Extraordin&aacute;rio do PT, o ex-ministro e ex-presidente do partido, Jos&eacute; Dirceu, falou com exclusividade ao Portal do PT, quando fez um balan&ccedil;o do evento. Ele considerou o evento como vitorioso.<\/span><\/p>\n<p style=\"margin-top: 3px; margin-right: 0px; margin-bottom: 10px; margin-left: 0px; padding-top: 0px; padding-right: 0px; padding-bottom: 0px; padding-left: 0px; line-height: 16px; \">&ldquo;O partido se atualizou, est&aacute; no s&eacute;culo 21, tanto quanto ao auto-financiamento quanto aos filiados. Acredito que vai se abrir mais para a sociedade, deu paridade &agrave;s mulheres que &eacute; uma coisa avan&ccedil;ad&iacute;ssima. O partido tamb&eacute;m adotou uma resolu&ccedil;&atilde;o importante sobre os mandatos, sobre a renova&ccedil;&atilde;o dos mandatos de tr&ecirc;s para deputados e dois para senadores. Ou seja, o PT se colocou mais uma vez na vanguarda, al&eacute;m de priorizar a reforma pol&iacute;tica e a reforma administrativa da gest&atilde;o como instrumentos importantes para combater a corrup&ccedil;&atilde;o&rdquo;, ressaltou Dirceu.<\/p>\n<p style=\"margin-top: 3px; margin-right: 0px; margin-bottom: 10px; margin-left: 0px; padding-top: 0px; padding-right: 0px; padding-bottom: 0px; padding-left: 0px; line-height: 16px; \">A respeito da resolu&ccedil;&atilde;o pol&iacute;tica aprovada no Congresso, o ex-ministro destacou pontos importantes do documento como a reforma tribut&aacute;ria e tamb&eacute;m a regula&ccedil;&atilde;o da m&iacute;dia, frizando mais uma vez que n&atilde;o nem se trata de censura e muito menos controle da imprensa, citando diversos pa&iacute;ses onde o mecanismo j&aacute; existe.<\/p>\n<p style=\"margin-top: 3px; margin-right: 0px; margin-bottom: 10px; margin-left: 0px; padding-top: 0px; padding-right: 0px; padding-bottom: 0px; padding-left: 0px; line-height: 16px; \">&ldquo;O Brasil precisa de mais concorr&ecirc;ncia e de mais democracia na m&iacute;dia. E precisa de regula&ccedil;&atilde;o. Precisamos tamb&eacute;m que se regulamente o direito de resposta e de imagem que est&atilde;o na Constitui&ccedil;&atilde;o no mesmo n&iacute;vel que a quest&atilde;o essencial, fundamental, pela qual o PT lutou e conquistou junto com o povo brasileiro que &eacute; a da liberdade de imprensa&rdquo;, afirmou.<\/p>\n<p style=\"margin-top: 3px; margin-right: 0px; margin-bottom: 10px; margin-left: 0px; padding-top: 0px; padding-right: 0px; padding-bottom: 0px; padding-left: 0px; line-height: 16px; \">Jos&eacute; Dirceu tamb&eacute;m destacou o apoio e a sustenta&ccedil;&atilde;o pol&iacute;tica do PT ao governo da presidenta Dilma. &ldquo;Ela foi aqui ovacionada, ela sabe que pode contar com o PT, como o presidente Lula mesmo disse, ela pode contar com as nossas bancadas e com o partido&rdquo;.<\/p>\n<p style=\"margin-top: 3px; margin-right: 0px; margin-bottom: 10px; margin-left: 0px; padding-top: 0px; padding-right: 0px; padding-bottom: 0px; padding-left: 0px; line-height: 16px; \">Ele afirmou ainda que o resultado positivo do 4&ordm;. Congresso ir&aacute; contribuir no crescimento do PT. &ldquo;Um partido como o PT tem que ter quatro, cinco milh&otilde;es de filiados, e n&atilde;o um milh&atilde;o e meio. E um partido como o PT tem que ter uma imprensa pr&oacute;pria forte, uma comunica&ccedil;&atilde;o pr&aacute;tica, &aacute;gil e di&aacute;ria, como tem aqui com voc&ecirc;s (do Portal do PT). Tem que ter tamb&eacute;m mais independ&ecirc;ncia financeira, n&atilde;o depender somente do fundo partid&aacute;rio e dos recursos dos deputados e dos petistas que ocupam cargos de confian&ccedil;a. &Eacute; preciso que os filiados e as atividades financeiras sejam uma constante no partido&rdquo;, afirmou.<\/p>\n<p style=\"margin-top: 3px; margin-right: 0px; margin-bottom: 10px; margin-left: 0px; padding-top: 0px; padding-right: 0px; padding-bottom: 0px; padding-left: 0px; line-height: 16px; \">O ex-ministro finalizou afirmando que o PT hoje tem um programa pol&iacute;tico adequado para o Brasil de 2011-2022, quando se comemora os 200 anos de independ&ecirc;ncia do Brasil.<\/p>\n<p style=\"margin-top: 3px; margin-right: 0px; margin-bottom: 10px; margin-left: 0px; padding-top: 0px; padding-right: 0px; padding-bottom: 0px; padding-left: 0px; line-height: 16px; \">(Portal do PT)<\/p>\n<p><\/span><\/p>\n","protected":false},"excerpt":{"rendered":"<p>Ao final do 4\u00ba. Congresso Nacional Extraordin\u00e1rio do PT, o ex-ministro e ex-presidente do partido, Jos\u00e9 Dirceu, falou com exclusividade ao Portal do PT, quando fez um balan\u00e7o do evento. Ele considerou o evento como vitorioso.<br \/>\n\u201cO partido se atualizou, est\u00e1 no s\u00e9culo 21, tanto quanto ao auto-financiamento quanto aos filiados. Acredito que vai se abrir mais para a sociedade, deu paridade \u00e0s mulheres que \u00e9 uma coisa avan\u00e7ad\u00edssima. O partido tamb\u00e9m adotou uma resolu\u00e7\u00e3o importante sobre os mandatos, sobre a renova\u00e7\u00e3o dos mandatos de tr\u00eas para deputados e dois para senadores. Ou seja, o PT se colocou mais uma vez na vanguarda, al\u00e9m de priorizar a reforma pol\u00edtica e a reforma administrativa da gest\u00e3o como instrumentos importantes para combater a corrup\u00e7\u00e3o\u201d, ressaltou Dirceu.<\/p>\n","protected":false},"author":1,"featured_media":28417,"comment_status":"open","ping_status":"open","sticky":false,"template":"","format":"standard","meta":{"footnotes":""},"categories":[1],"tags":[6787],"class_list":["post-28418","post","type-post","status-publish","format-standard","has-post-thumbnail","hentry","category-noticias-zeca-dirceu","tag-pr-jose-dirceu"],"_links":{"self":[{"href":"https:\/\/teste.bsb.br\/zeca\/wp-json\/wp\/v2\/posts\/28418","targetHints":{"allow":["GET"]}}],"collection":[{"href":"https:\/\/teste.bsb.br\/zeca\/wp-json\/wp\/v2\/posts"}],"about":[{"href":"https:\/\/teste.bsb.br\/zeca\/wp-json\/wp\/v2\/types\/post"}],"author":[{"embeddable":true,"href":"https:\/\/teste.bsb.br\/zeca\/wp-json\/wp\/v2\/users\/1"}],"replies":[{"embeddable":true,"href":"https:\/\/teste.bsb.br\/zeca\/wp-json\/wp\/v2\/comments?post=28418"}],"version-history":[{"count":0,"href":"https:\/\/teste.bsb.br\/zeca\/wp-json\/wp\/v2\/posts\/28418\/revisions"}],"wp:featuredmedia":[{"embeddable":true,"href":"https:\/\/teste.bsb.br\/zeca\/wp-json\/wp\/v2\/media\/28417"}],"wp:attachment":[{"href":"https:\/\/teste.bsb.br\/zeca\/wp-json\/wp\/v2\/media?parent=28418"}],"wp:term":[{"taxonomy":"category","embeddable":true,"href":"https:\/\/teste.bsb.br\/zeca\/wp-json\/wp\/v2\/categories?post=28418"},{"taxonomy":"post_tag","embeddable":true,"href":"https:\/\/teste.bsb.br\/zeca\/wp-json\/wp\/v2\/tags?post=28418"}],"curies":[{"name":"wp","href":"https:\/\/api.w.org\/{rel}","templated":true}]}}