{"id":28416,"date":"2011-09-09T00:00:00","date_gmt":"2011-09-09T03:00:00","guid":{"rendered":"https:\/\/www.zecadirceu.com.br\/hoje-tem-i-festim-literario-em-cianorte\/"},"modified":"2011-09-09T00:00:00","modified_gmt":"2011-09-09T03:00:00","slug":"hoje-tem-i-festim-literario-em-cianorte","status":"publish","type":"post","link":"https:\/\/teste.bsb.br\/zeca\/hoje-tem-i-festim-literario-em-cianorte\/","title":{"rendered":"Hoje tem I Festim Liter\u00e1rio, em Cianorte"},"content":{"rendered":"<p>&nbsp;<span class=\"Apple-style-span\" style=\"font-family: Verdana, Geneva, sans-serif; \">Incentivar e promover o h&aacute;bito da leitura entre os alunos e familiares. Com esse objetivo, a Escola Municipal Cec&iacute;lia Sato realiza, nesta sexta-feira (09), o I Festim Liter&aacute;rio. O evento ser&aacute; no Centro de Eventos Carlos Yoshito Mori, a partir das 19h.<\/p>\n<div style=\"text-align: justify; \">\n<p class=\"MsoNormal\" style=\"text-align: justify; \">O festival procurar&aacute; atrair a aten&ccedil;&atilde;o dos alunos e pais para a import&acirc;ncia da literatura no desenvolvimento escolar. Para isso, os professores da escola t&ecirc;m desenvolvido trabalhos liter&aacute;rios nas salas de aula e este ser&aacute; o momento de apresentar os resultados &agrave; comunidade.<\/p>\n<p class=\"MsoNormal\" style=\"text-align: justify; \">De acordo com a equipe pedag&oacute;gica, a popula&ccedil;&atilde;o poder&aacute; contar com uma noite cultural bastante animada. Apresenta&ccedil;&otilde;es teatrais e musicais, dentre outras produzidas pelos pr&oacute;prios alunos e professores, prometem alegrar e emocionar a todos. Todas as turmas da escola se apresentar&atilde;o, refor&ccedil;ando o aspecto da leitura.<span>&nbsp;&nbsp;<\/span>Al&eacute;m disso, haver&aacute; barracas de doces e salgados &agrave; disposi&ccedil;&atilde;o, durante todo o evento.<\/p>\n<p class=\"MsoNormal\" style=\"text-align: justify; \">De acordo com a chefe da Divis&atilde;o de Ensino Fundamental, Zilma de Lima, a iniciativa da escola reflete seriedade e envolvimento da comunidade escolar. &ldquo;A&ccedil;&otilde;es como essa s&atilde;o extremamente importantes, porque incentivam o aluno a ler, valorizar a nossa literatura, integra a comunidade aos trabalhos realizados e, al&eacute;m disso, demonstra a import&acirc;ncia da atua&ccedil;&atilde;o pedag&oacute;gica dentro das escolas&rdquo;, comenta.<\/p>\n<p class=\"MsoNormal\" style=\"text-align: justify; \">O convite para participar e apreciar o evento &eacute; extensivo a toda a popula&ccedil;&atilde;o, de modo a incentivar a vida escolar das crian&ccedil;as e a import&acirc;ncia da leitura nesse contexto.<\/p>\n<\/div>\n<p>Fonte: Assessoria de Comunica&ccedil;&atilde;o Social<\/span><\/p>\n","protected":false},"excerpt":{"rendered":"<p>Incentivar e promover o h\u00e1bito da leitura entre os alunos e familiares. Com esse objetivo, a Escola Municipal Cec\u00edlia Sato realiza, nesta sexta-feira (09), o I Festim Liter\u00e1rio. O evento ser\u00e1 no Centro de Eventos Carlos Yoshito Mori, a partir das 19h.<br \/>\nO festival procurar\u00e1 atrair a aten\u00e7\u00e3o dos alunos e pais para a import\u00e2ncia da literatura no desenvolvimento escolar. Para isso, os professores da escola t\u00eam desenvolvido trabalhos liter\u00e1rios nas salas de aula e este ser\u00e1 o momento de apresentar os resultados \u00e0 comunidade.<\/p>\n","protected":false},"author":1,"featured_media":28415,"comment_status":"open","ping_status":"open","sticky":false,"template":"","format":"standard","meta":{"footnotes":""},"categories":[1],"tags":[121],"class_list":["post-28416","post","type-post","status-publish","format-standard","has-post-thumbnail","hentry","category-noticias-zeca-dirceu","tag-cianorte"],"_links":{"self":[{"href":"https:\/\/teste.bsb.br\/zeca\/wp-json\/wp\/v2\/posts\/28416","targetHints":{"allow":["GET"]}}],"collection":[{"href":"https:\/\/teste.bsb.br\/zeca\/wp-json\/wp\/v2\/posts"}],"about":[{"href":"https:\/\/teste.bsb.br\/zeca\/wp-json\/wp\/v2\/types\/post"}],"author":[{"embeddable":true,"href":"https:\/\/teste.bsb.br\/zeca\/wp-json\/wp\/v2\/users\/1"}],"replies":[{"embeddable":true,"href":"https:\/\/teste.bsb.br\/zeca\/wp-json\/wp\/v2\/comments?post=28416"}],"version-history":[{"count":0,"href":"https:\/\/teste.bsb.br\/zeca\/wp-json\/wp\/v2\/posts\/28416\/revisions"}],"wp:featuredmedia":[{"embeddable":true,"href":"https:\/\/teste.bsb.br\/zeca\/wp-json\/wp\/v2\/media\/28415"}],"wp:attachment":[{"href":"https:\/\/teste.bsb.br\/zeca\/wp-json\/wp\/v2\/media?parent=28416"}],"wp:term":[{"taxonomy":"category","embeddable":true,"href":"https:\/\/teste.bsb.br\/zeca\/wp-json\/wp\/v2\/categories?post=28416"},{"taxonomy":"post_tag","embeddable":true,"href":"https:\/\/teste.bsb.br\/zeca\/wp-json\/wp\/v2\/tags?post=28416"}],"curies":[{"name":"wp","href":"https:\/\/api.w.org\/{rel}","templated":true}]}}