{"id":28412,"date":"2011-09-09T00:00:00","date_gmt":"2011-09-09T03:00:00","guid":{"rendered":"https:\/\/www.zecadirceu.com.br\/desafio-na-educacao-profissional-e-superior-e-garantir-expansao-qualificada-dos-cursos\/"},"modified":"2011-09-09T00:00:00","modified_gmt":"2011-09-09T03:00:00","slug":"desafio-na-educacao-profissional-e-superior-e-garantir-expansao-qualificada-dos-cursos","status":"publish","type":"post","link":"https:\/\/teste.bsb.br\/zeca\/desafio-na-educacao-profissional-e-superior-e-garantir-expansao-qualificada-dos-cursos\/","title":{"rendered":"Desafio na educa\u00e7\u00e3o profissional e superior \u00e9 garantir expans\u00e3o qualificada dos cursos"},"content":{"rendered":"<p>&nbsp;O ministro da Educa&ccedil;&atilde;o, Fernando Haddad, participou nesta sexta-feira (9\/9) do programa Bom Dia, Ministro e falou sobre a cria&ccedil;&atilde;o de quatro novas universidades federais, a abertura de 47 novos campi universit&aacute;rios e 208 novas unidades dos Institutos Federais de Educa&ccedil;&atilde;o Profissional e Tecnol&oacute;gica no pa&iacute;s. O ministro informou que entre os crit&eacute;rios para a escolha das localidades que receber&atilde;o os campi universit&aacute;rios pesaram a demanda de alunos e a necessidade de interioriza&ccedil;&atilde;o e, no caso dos Ifets, o crit&eacute;rio adotado pelo governo foi a pobreza.<\/p>\n<p class=\"MsoNormal\"><o:p><\/o:p><\/p>\n<p class=\"MsoNormal\">&ldquo;N&oacute;s estamos avan&ccedil;ando no chamado G-100, que s&atilde;o as 100 cidades do pa&iacute;s com maior n&uacute;mero de habitantes &ndash; mais de 80 mil habitantes &ndash; e arrecada&ccedil;&atilde;o per capita ao ano inferior a R$ 1 mil. Ent&atilde;o, o crit&eacute;rio foi o G-100 e os Territ&oacute;rios de Cidadania, que s&atilde;o aquelas regi&otilde;es muito deprimidas do pa&iacute;s, onde h&aacute; pouco investimento p&uacute;blico-privado (&hellip;). Ao instalar uma unidade de um Instituto Federal nessas localidades, voc&ecirc; forma pessoas qualificadas para qualquer atividade econ&ocirc;mica e isso atrai investimentos (&hellip;). O desafio na educa&ccedil;&atilde;o profissional e na educa&ccedil;&atilde;o superior &eacute; garantir, nesta d&eacute;cada que se inicia, uma expans&atilde;o qualificada dos cursos e das oportunidades.&rdquo;<o:p><\/o:p><\/p>\n<p class=\"MsoNormal\">As novas universidades federais ser&atilde;o instaladas no Par&aacute;, na Bahia e no Cear&aacute;. Outras 12 universidades federais, de 11 estados, ganhar&atilde;o 15 novos campi, completando 27 unidades. At&eacute; o fim de 2012, o governo federal deve concluir a implanta&ccedil;&atilde;o de 20 unidades, distribu&iacute;das entre 12 universidades federais localizadas nas regi&otilde;es Norte, Nordeste, Sul e Sudeste.<o:p><\/o:p><\/p>\n<p class=\"MsoNormal\">Durante a entrevista, Fernando Haddad mencionou tamb&eacute;m o Plano Nacional de Educa&ccedil;&atilde;o, cujo projeto de lei est&aacute; no Congresso Nacional para vota&ccedil;&atilde;o. O governo espera, com isso, aumentar os investimentos em educa&ccedil;&atilde;o de 5% para 7% do Produto Interno Bruto, compromisso de campanha da presidenta Dilma Rousseff. Segundo ele, a fonte pode ser o pr&eacute;-sal. Entretanto, &eacute; a vota&ccedil;&atilde;o do Plano que vai definir tanto o percentual do PIB que vai ser investido em educa&ccedil;&atilde;o como a fonte do financiamento. &ldquo;Eu penso que o momento &eacute; decisivo para orientar a pr&oacute;xima d&eacute;cada&rdquo;, ressaltou.<o:p><\/o:p><\/p>\n<p class=\"MsoNormal\">Questionado sobre a estrat&eacute;gia do governo para o combate ao analfabetismo, o ministro afirmou que o pa&iacute;s est&aacute; empenhado em diminuir as taxas e que vem realizando um trabalho importante. No entanto &ndash; disse Haddad &ndash; a grande dificuldade &eacute; de cunho log&iacute;stico, uma vez que a concentra&ccedil;&atilde;o dos &iacute;ndices de analfabetismo est&aacute; na zona rural, onde a taxa &eacute; superior a 18%.<o:p><\/o:p><\/p>\n<p class=\"MsoNormal\">&ldquo;N&atilde;o &eacute; por falta de recursos que n&oacute;s n&atilde;o vamos avan&ccedil;ar (&hellip;), n&atilde;o h&aacute; restri&ccedil;&atilde;o or&ccedil;ament&aacute;ria para o combate ao analfabetismo, a dificuldade &eacute; log&iacute;stica (&hellip;). N&oacute;s estamos investindo meio bilh&atilde;o de reais ao ano s&oacute; para essa quest&atilde;o, e se precisarmos incrementar o or&ccedil;amento para isso, n&oacute;s temos liberdade, dada pela pr&oacute;pria presidenta Dilma Rousseff.&rdquo;<\/p>\n<p class=\"MsoNormal\">Fonte: <a href=\"http:\/\/blog.planalto.gov.br\/\">http:\/\/blog.planalto.gov.br\/<\/a><o:p><\/o:p><\/p>\n","protected":false},"excerpt":{"rendered":"<p>O ministro da Educa\u00e7\u00e3o, Fernando Haddad, participou nesta sexta-feira (9\/9) do programa Bom Dia, Ministro e falou sobre a cria\u00e7\u00e3o de quatro novas universidades federais, a abertura de 47 novos campi universit\u00e1rios e 208 novas unidades dos Institutos Federais de Educa\u00e7\u00e3o Profissional e Tecnol\u00f3gica no pa\u00eds. O ministro informou que entre os crit\u00e9rios para a escolha das localidades que receber\u00e3o os campi universit\u00e1rios pesaram a demanda de alunos e a necessidade de interioriza\u00e7\u00e3o e, no caso dos Ifets, o crit\u00e9rio adotado pelo governo foi a pobreza.<\/p>\n","protected":false},"author":1,"featured_media":28411,"comment_status":"open","ping_status":"open","sticky":false,"template":"","format":"standard","meta":{"footnotes":""},"categories":[1],"tags":[4],"class_list":["post-28412","post","type-post","status-publish","format-standard","has-post-thumbnail","hentry","category-noticias-zeca-dirceu","tag-educacao"],"_links":{"self":[{"href":"https:\/\/teste.bsb.br\/zeca\/wp-json\/wp\/v2\/posts\/28412","targetHints":{"allow":["GET"]}}],"collection":[{"href":"https:\/\/teste.bsb.br\/zeca\/wp-json\/wp\/v2\/posts"}],"about":[{"href":"https:\/\/teste.bsb.br\/zeca\/wp-json\/wp\/v2\/types\/post"}],"author":[{"embeddable":true,"href":"https:\/\/teste.bsb.br\/zeca\/wp-json\/wp\/v2\/users\/1"}],"replies":[{"embeddable":true,"href":"https:\/\/teste.bsb.br\/zeca\/wp-json\/wp\/v2\/comments?post=28412"}],"version-history":[{"count":0,"href":"https:\/\/teste.bsb.br\/zeca\/wp-json\/wp\/v2\/posts\/28412\/revisions"}],"wp:featuredmedia":[{"embeddable":true,"href":"https:\/\/teste.bsb.br\/zeca\/wp-json\/wp\/v2\/media\/28411"}],"wp:attachment":[{"href":"https:\/\/teste.bsb.br\/zeca\/wp-json\/wp\/v2\/media?parent=28412"}],"wp:term":[{"taxonomy":"category","embeddable":true,"href":"https:\/\/teste.bsb.br\/zeca\/wp-json\/wp\/v2\/categories?post=28412"},{"taxonomy":"post_tag","embeddable":true,"href":"https:\/\/teste.bsb.br\/zeca\/wp-json\/wp\/v2\/tags?post=28412"}],"curies":[{"name":"wp","href":"https:\/\/api.w.org\/{rel}","templated":true}]}}