{"id":28410,"date":"2011-09-09T00:00:00","date_gmt":"2011-09-09T03:00:00","guid":{"rendered":"https:\/\/www.zecadirceu.com.br\/comeca-hoje-a-27a-festa-das-nacoes-em-alto-piquiri\/"},"modified":"2011-09-09T00:00:00","modified_gmt":"2011-09-09T03:00:00","slug":"comeca-hoje-a-27a-festa-das-nacoes-em-alto-piquiri","status":"publish","type":"post","link":"https:\/\/teste.bsb.br\/zeca\/comeca-hoje-a-27a-festa-das-nacoes-em-alto-piquiri\/","title":{"rendered":"Come\u00e7a hoje a 27\u00aa Festa das Na\u00e7\u00f5es, em Alto Piquiri"},"content":{"rendered":"<p>&nbsp;O clima de festa toma conta do munic&iacute;pio de Alto Piquiri, de hoje, 09, at&eacute; domingo, 11, com a realiza&ccedil;&atilde;o da 27&ordf; Festa das Na&ccedil;&otilde;es. A festa ter&aacute; v&aacute;rias atra&ccedil;&otilde;es como as tradicionais barracas de comidas t&iacute;picas, parque de divers&otilde;es e shows art&iacute;sticos. A abertura da festa est&aacute; programada para 20 horas.<\/p>\n<p class=\"MsoNormal\" style=\"margin-bottom:0cm;margin-bottom:.0001pt\">Os shows da 27&ordm; Festa das Na&ccedil;&otilde;es:<\/p>\n<p class=\"MsoNormal\" style=\"margin-bottom:0cm;margin-bottom:.0001pt\">Cowboys do Asfalto<\/p>\n<p class=\"MsoNormal\" style=\"margin-bottom:0cm;margin-bottom:.0001pt\">Brenno e Marco Viola<\/p>\n<p class=\"MsoNormal\" style=\"margin-bottom:0cm;margin-bottom:.0001pt\">Banda Metropole<\/p>\n<p class=\"MsoNormal\" style=\"margin-bottom:0cm;margin-bottom:.0001pt\"><o:p>&nbsp;<\/o:p><\/p>\n","protected":false},"excerpt":{"rendered":"<p>O clima de festa toma conta do munic\u00edpio de Alto Piquiri, de hoje, 09, at\u00e9 domingo, 11, com a realiza\u00e7\u00e3o da 27\u00aa Festa das Na\u00e7\u00f5es. A festa ter\u00e1 v\u00e1rias atra\u00e7\u00f5es como as tradicionais barracas de comidas t\u00edpicas, parque de divers\u00f5es e shows art\u00edsticos. A abertura da festa est\u00e1 programada para 20 horas.<\/p>\n","protected":false},"author":1,"featured_media":28409,"comment_status":"open","ping_status":"open","sticky":false,"template":"","format":"standard","meta":{"footnotes":""},"categories":[1],"tags":[6786],"class_list":["post-28410","post","type-post","status-publish","format-standard","has-post-thumbnail","hentry","category-noticias-zeca-dirceu","tag-festa-das-nacoes-alto-piquiri"],"_links":{"self":[{"href":"https:\/\/teste.bsb.br\/zeca\/wp-json\/wp\/v2\/posts\/28410","targetHints":{"allow":["GET"]}}],"collection":[{"href":"https:\/\/teste.bsb.br\/zeca\/wp-json\/wp\/v2\/posts"}],"about":[{"href":"https:\/\/teste.bsb.br\/zeca\/wp-json\/wp\/v2\/types\/post"}],"author":[{"embeddable":true,"href":"https:\/\/teste.bsb.br\/zeca\/wp-json\/wp\/v2\/users\/1"}],"replies":[{"embeddable":true,"href":"https:\/\/teste.bsb.br\/zeca\/wp-json\/wp\/v2\/comments?post=28410"}],"version-history":[{"count":0,"href":"https:\/\/teste.bsb.br\/zeca\/wp-json\/wp\/v2\/posts\/28410\/revisions"}],"wp:featuredmedia":[{"embeddable":true,"href":"https:\/\/teste.bsb.br\/zeca\/wp-json\/wp\/v2\/media\/28409"}],"wp:attachment":[{"href":"https:\/\/teste.bsb.br\/zeca\/wp-json\/wp\/v2\/media?parent=28410"}],"wp:term":[{"taxonomy":"category","embeddable":true,"href":"https:\/\/teste.bsb.br\/zeca\/wp-json\/wp\/v2\/categories?post=28410"},{"taxonomy":"post_tag","embeddable":true,"href":"https:\/\/teste.bsb.br\/zeca\/wp-json\/wp\/v2\/tags?post=28410"}],"curies":[{"name":"wp","href":"https:\/\/api.w.org\/{rel}","templated":true}]}}