{"id":28394,"date":"2011-09-12T00:00:00","date_gmt":"2011-09-12T03:00:00","guid":{"rendered":"https:\/\/www.zecadirceu.com.br\/campo-mourao-esta-entre-as-300-cidades-mais-dinamicas-do-mundo\/"},"modified":"2011-09-12T00:00:00","modified_gmt":"2011-09-12T03:00:00","slug":"campo-mourao-esta-entre-as-300-cidades-mais-dinamicas-do-mundo","status":"publish","type":"post","link":"https:\/\/teste.bsb.br\/zeca\/campo-mourao-esta-entre-as-300-cidades-mais-dinamicas-do-mundo\/","title":{"rendered":"Campo Mour\u00e3o est\u00e1 entre as 300 cidades mais din\u00e2micas do mundo"},"content":{"rendered":"<p>&nbsp;<span class=\"Apple-style-span\" style=\"color: rgb(51, 51, 51); font-family: Helvetica, Arial, serif; line-height: 19px; \">A cidade de Campo Mour&atilde;o acaba de ser indicada a um t&iacute;tulo que a coloca em posi&ccedil;&atilde;o de destaque no cen&aacute;rio mundial. Por meio de pesquisa sobre qualidade de vida, coordenada pelo Instituto Brasileiro de Geografia e Estat&iacute;stica (IBGE), com apoio da Organiza&ccedil;&atilde;o das Na&ccedil;&otilde;es Unidas para a Ci&ecirc;ncia e a Cultura (UNESCO) e da pr&oacute;pria Organiza&ccedil;&atilde;o das Na&ccedil;&otilde;es Unidas (ONU), o munic&iacute;pio de Campo Mour&atilde;o foi apontado entre um seleto grupo de cidades que comp&otilde;em o ranking da 17&ordf; edi&ccedil;&atilde;o do Meeting City Dinamics World 2011, que certificar&aacute; as 300 Cidades mais Din&acirc;micas do Mundo em 2011. O relat&oacute;rio, referendado por institui&ccedil;&otilde;es internacionais, foi divulgado esta semana pela Organiza&ccedil;&atilde;o Mundial de Estados, Munic&iacute;pios e Prov&iacute;ncias (OMEMP), que acompanhar&aacute; a delega&ccedil;&atilde;o do MERCOSUL no evento.<\/p>\n<p style=\"margin-top: 10px; margin-right: 0px; margin-bottom: 10px; margin-left: 0px; padding-top: 0px; padding-right: 0px; padding-bottom: 0px; padding-left: 0px; \">P&Oacute;LO BRASILEIRO DE ALIMENTOS &ndash; &ldquo;Este &eacute; um reconhecimento merecido e que dividimos com toda a nossa comunidade&rdquo;, valoriza o prefeito de Campo Mour&atilde;o, Nelson Jos&eacute; Tureck. A cidade, segundo Tureck, tem investido pesado em um grande projeto que visa a transforma&ccedil;&atilde;o da regi&atilde;o em um p&oacute;lo brasileiro de alimentos. &ldquo;Diante das nossas a&ccedil;&otilde;es, que t&ecirc;m sido enxergadas pelos governantes e, sobretudo, pela nossa popula&ccedil;&atilde;o, temos vencido grandes barreiras e seguido em frente na nossa proposta de gera&ccedil;&atilde;o de emprego e renda, buscando, sempre, uma melhor qualidade de vida para a nossa comunidade&rdquo;, avalia Tureck.<\/p>\n<p style=\"margin-top: 10px; margin-right: 0px; margin-bottom: 10px; margin-left: 0px; padding-top: 0px; padding-right: 0px; padding-bottom: 0px; padding-left: 0px; \">PR&Ecirc;MIO ENTREGUE NA ALEMANHA &ndash; Al&eacute;m de Campo Mour&atilde;o, outras 29 cidades brasileiras receber&atilde;o a premia&ccedil;&atilde;o, entre elas Curitiba e S&atilde;o Jos&eacute; dos Pinhais, no Paran&aacute;, e o munic&iacute;pio do Rio de Janeiro. Os certificados ser&atilde;o entregues durante a Feira Internacional de Tecnologia e Urbanismo da Europa (Urbantec), que acontece de 24 a 26 de outubro em Col&ocirc;nia, na Alemanha.<\/p>\n<p style=\"margin-top: 10px; margin-right: 0px; margin-bottom: 10px; margin-left: 0px; padding-top: 0px; padding-right: 0px; padding-bottom: 0px; padding-left: 0px; \">Durante o evento, ser&atilde;o promovidos semin&aacute;rios com palestras de autoridades pol&iacute;ticas e empresariais, como o prefeito do Rio do Janeiro, Eduardo Paes; o prefeito de Pequim, Guo Linlong; o primeiro-ministro de Singapura, Lee Loong; o prefeito de Stambul, Kadir Topbas; e o presidente da Federa&ccedil;&atilde;o das Ind&uacute;strias Alem&atilde;s, Hans Peter.<\/p>\n<p style=\"margin-top: 10px; margin-right: 0px; margin-bottom: 10px; margin-left: 0px; padding-top: 0px; padding-right: 0px; padding-bottom: 0px; padding-left: 0px; \">O evento conta com apoio da TV Globo Internacional, Banco Mundial, Associa&ccedil;&atilde;o de Cidades Alem&atilde;s e do Governo da Alemanha.<\/p>\n<p>Fonte:<a href=\"http:\/\/tasabendo.com\/home\/index.php\/2011\/09\/08\/campo-mourao-esta-entre-as-300-cidades-mais-dinamicas-do-mundo\/\">http:\/\/tasabendo.com\/home\/index.php\/2011\/09\/08\/campo-mourao-esta-entre-as-300-cidades-mais-dinamicas-do-mundo\/<\/a><\/p>\n<p><\/span><\/p>\n","protected":false},"excerpt":{"rendered":"<p>A cidade de Campo Mour\u00e3o acaba de ser indicada a um t\u00edtulo que a coloca em posi\u00e7\u00e3o de destaque no cen\u00e1rio mundial. Por meio de pesquisa sobre qualidade de vida, coordenada pelo Instituto Brasileiro de Geografia e Estat\u00edstica (IBGE), com apoio da Organiza\u00e7\u00e3o das Na\u00e7\u00f5es Unidas para a Ci\u00eancia e a Cultura (UNESCO) e da pr\u00f3pria Organiza\u00e7\u00e3o das Na\u00e7\u00f5es Unidas (ONU), o munic\u00edpio de Campo Mour\u00e3o foi apontado entre um seleto grupo de cidades que comp\u00f5em o ranking da 17\u00aa edi\u00e7\u00e3o do Meeting City Dinamics World 2011, que certificar\u00e1 as 300 Cidades mais Din\u00e2micas do Mundo em 2011. O relat\u00f3rio, referendado por institui\u00e7\u00f5es internacionais, foi divulgado esta semana pela Organiza\u00e7\u00e3o Mundial de Estados, Munic\u00edpios e Prov\u00edncias (OMEMP), que acompanhar\u00e1 a delega\u00e7\u00e3o do MERCOSUL no evento.<\/p>\n","protected":false},"author":1,"featured_media":28393,"comment_status":"open","ping_status":"open","sticky":false,"template":"","format":"standard","meta":{"footnotes":""},"categories":[1],"tags":[129],"class_list":["post-28394","post","type-post","status-publish","format-standard","has-post-thumbnail","hentry","category-noticias-zeca-dirceu","tag-campo-mourao"],"_links":{"self":[{"href":"https:\/\/teste.bsb.br\/zeca\/wp-json\/wp\/v2\/posts\/28394","targetHints":{"allow":["GET"]}}],"collection":[{"href":"https:\/\/teste.bsb.br\/zeca\/wp-json\/wp\/v2\/posts"}],"about":[{"href":"https:\/\/teste.bsb.br\/zeca\/wp-json\/wp\/v2\/types\/post"}],"author":[{"embeddable":true,"href":"https:\/\/teste.bsb.br\/zeca\/wp-json\/wp\/v2\/users\/1"}],"replies":[{"embeddable":true,"href":"https:\/\/teste.bsb.br\/zeca\/wp-json\/wp\/v2\/comments?post=28394"}],"version-history":[{"count":0,"href":"https:\/\/teste.bsb.br\/zeca\/wp-json\/wp\/v2\/posts\/28394\/revisions"}],"wp:featuredmedia":[{"embeddable":true,"href":"https:\/\/teste.bsb.br\/zeca\/wp-json\/wp\/v2\/media\/28393"}],"wp:attachment":[{"href":"https:\/\/teste.bsb.br\/zeca\/wp-json\/wp\/v2\/media?parent=28394"}],"wp:term":[{"taxonomy":"category","embeddable":true,"href":"https:\/\/teste.bsb.br\/zeca\/wp-json\/wp\/v2\/categories?post=28394"},{"taxonomy":"post_tag","embeddable":true,"href":"https:\/\/teste.bsb.br\/zeca\/wp-json\/wp\/v2\/tags?post=28394"}],"curies":[{"name":"wp","href":"https:\/\/api.w.org\/{rel}","templated":true}]}}