{"id":28388,"date":"2011-09-12T00:00:00","date_gmt":"2011-09-12T03:00:00","guid":{"rendered":"https:\/\/www.zecadirceu.com.br\/levantamento-mostra-reducao-da-pobreza-no-parana\/"},"modified":"2011-09-12T00:00:00","modified_gmt":"2011-09-12T03:00:00","slug":"levantamento-mostra-reducao-da-pobreza-no-parana","status":"publish","type":"post","link":"https:\/\/teste.bsb.br\/zeca\/levantamento-mostra-reducao-da-pobreza-no-parana\/","title":{"rendered":"Levantamento mostra redu\u00e7\u00e3o da pobreza no Paran\u00e1"},"content":{"rendered":"<p>&nbsp;<span class=\"Apple-style-span\" style=\"font-family: Arial, Helvetica, sans-serif; line-height: 20px; \">Um levantamento feito pelo instituto paranaense de desenvolvimento econ&ocirc;mico e social (Ipardes) aponta redu&ccedil;&atilde;o na pobreza no Paran&aacute; nos &uacute;ltimos dez anos. O estudo afirma que o n&uacute;mero de domic&iacute;lios considerados pobres (que contam com renda de at&eacute; meio sal&aacute;rio m&iacute;nimo) caiu de 32% no ano 2000 para 18% no ano passado. O munic&iacute;pio que mais cresceu economicamente foi o de S&atilde;o Jorge do Patroc&iacute;nio, que fica no noroeste do estado.<\/p>\n<p>J&aacute; Nova Laranjeiras, no centro-sul, foi o que teve o pior desempenho na redu&ccedil;&atilde;o de pobreza. O levantamento aponta tamb&eacute;m aquela que &eacute; a cidade mais pobre do Paran&aacute;: Laranjal. No munic&iacute;pio, a cada dez pessoas, seis s&atilde;o carentes. A renda m&eacute;dia da popula&ccedil;&atilde;o por l&aacute; &eacute; de trezentos e vinte e quatro reais. Segundo o Ipardes, os locais mais pobres do estado se concentram nas regi&otilde;es centro sul e no Vale do Ribeira.<\/p>\n<p>Fonte:&nbsp;<a href=\"http:\/\/blogdajoice.com\/joice\/\">http:\/\/blogdajoice.com\/joice\/<\/a><br type=\"_moz\" \/><br \/>\n<\/span><\/p>\n","protected":false},"excerpt":{"rendered":"<p>Um levantamento feito pelo instituto paranaense de desenvolvimento econ\u00f4mico e social (Ipardes) aponta redu\u00e7\u00e3o na pobreza no Paran\u00e1 nos \u00faltimos dez anos. O estudo afirma que o n\u00famero de domic\u00edlios considerados pobres (que contam com renda de at\u00e9 meio sal\u00e1rio m\u00ednimo) caiu de 32% no ano 2000 para 18% no ano passado. O munic\u00edpio que mais cresceu economicamente foi o de S\u00e3o Jorge do Patroc\u00ednio, que fica no noroeste do estado.<\/p>\n","protected":false},"author":1,"featured_media":28387,"comment_status":"open","ping_status":"open","sticky":false,"template":"","format":"standard","meta":{"footnotes":""},"categories":[1],"tags":[6783],"class_list":["post-28388","post","type-post","status-publish","format-standard","has-post-thumbnail","hentry","category-noticias-zeca-dirceu","tag-pobreza-reducao"],"_links":{"self":[{"href":"https:\/\/teste.bsb.br\/zeca\/wp-json\/wp\/v2\/posts\/28388","targetHints":{"allow":["GET"]}}],"collection":[{"href":"https:\/\/teste.bsb.br\/zeca\/wp-json\/wp\/v2\/posts"}],"about":[{"href":"https:\/\/teste.bsb.br\/zeca\/wp-json\/wp\/v2\/types\/post"}],"author":[{"embeddable":true,"href":"https:\/\/teste.bsb.br\/zeca\/wp-json\/wp\/v2\/users\/1"}],"replies":[{"embeddable":true,"href":"https:\/\/teste.bsb.br\/zeca\/wp-json\/wp\/v2\/comments?post=28388"}],"version-history":[{"count":0,"href":"https:\/\/teste.bsb.br\/zeca\/wp-json\/wp\/v2\/posts\/28388\/revisions"}],"wp:featuredmedia":[{"embeddable":true,"href":"https:\/\/teste.bsb.br\/zeca\/wp-json\/wp\/v2\/media\/28387"}],"wp:attachment":[{"href":"https:\/\/teste.bsb.br\/zeca\/wp-json\/wp\/v2\/media?parent=28388"}],"wp:term":[{"taxonomy":"category","embeddable":true,"href":"https:\/\/teste.bsb.br\/zeca\/wp-json\/wp\/v2\/categories?post=28388"},{"taxonomy":"post_tag","embeddable":true,"href":"https:\/\/teste.bsb.br\/zeca\/wp-json\/wp\/v2\/tags?post=28388"}],"curies":[{"name":"wp","href":"https:\/\/api.w.org\/{rel}","templated":true}]}}